{"id":49569,"date":"2020-05-25T13:39:53","date_gmt":"2020-05-25T11:39:53","guid":{"rendered":"https:\/\/alzira.es\/jornada-de-portes-obertes-al-ceip-alborxi\/"},"modified":"2020-05-25T13:39:53","modified_gmt":"2020-05-25T11:39:53","slug":"jornada-de-portes-obertes-al-ceip-alborxi","status":"publish","type":"post","link":"https:\/\/alzira.es\/es\/jornada-de-portes-obertes-al-ceip-alborxi\/","title":{"rendered":"Jornada de portes obertes al CEIP Alborx\u00ed"},"content":{"rendered":"<p style=\"text-align: justify;\"><strong><span style=\"color: maroon;\">T\u00edtulo: <\/span><\/strong><strong><span style=\"font-family: 'Times New Roman', serif; color: maroon;\">JORNADA DE PORTES OBERTES AL CEIP ALBORX\u00cd D&#8217;ALZIRA<\/span><\/strong><\/p>\n<p style=\"text-align: justify;\"><span style=\"font-family: 'Times New Roman', serif;\">S&#8217;informa a totes les fam\u00edlies interessades que poden accedir al seg\u00fcent enlla\u00e7 pert tal d&#8217;assistir a la Jornada de Portes Obertes. En ell s&#8217;expliquen totes les caracter\u00edstiques i projectes del centre del centre.<\/span><\/p>\n<p><a href=\"https:\/\/read.bookcreator.com\/swegvcqfnhtleo1mk6ahon5jhgj2\/4ugbnsijtz26uhfc_ou46g\" target=\"_blank\" rel=\"noopener\">https:<\/a><a href=\"https:\/\/read.bookcreator.com\/SWegVcQfNhTleo1mk6AHon5Jhgj2\/4UgBNSiJTZ26UHFC_oU46g\" target=\"_blank\" rel=\"noopener\">https:\/\/read.bookcreator.com\/SWegVcQfNhTleo1mk6AHon5Jhgj2\/4UgBNSiJTZ26UHFC_oU46g<\/a><a href=\"https:\/\/read.bookcreator.com\/swegvcqfnhtleo1mk6ahon5jhgj2\/4ugbnsijtz26uhfc_ou46g\" target=\"_blank\" rel=\"noopener\"><\/a><\/p>\n<p><\/p>\n","protected":false},"excerpt":{"rendered":"<p>T\u00edtulo: JORNADA DE PORTES OBERTES AL CEIP ALBORX\u00cd D&#8217;ALZIRA S&#8217;informa a totes les fam\u00edlies interessades que poden accedir al seg\u00fcent enlla\u00e7 pert tal d&#8217;assistir a la Jornada de Portes Obertes. En ell s&#8217;expliquen totes les caracter\u00edstiques i projectes del centre del centre. https:https:\/\/read.bookcreator.com\/SWegVcQfNhTleo1mk6AHon5Jhgj2\/4UgBNSiJTZ26UHFC_oU46g<\/p>\n","protected":false},"author":20,"featured_media":0,"comment_status":"","ping_status":"","sticky":false,"template":"","format":"standard","meta":{"_acf_changed":false,"footnotes":""},"categories":[],"tags":[],"class_list":["post-49569","post","type-post","status-publish","format-standard","hentry"],"acf":[],"_links":{"self":[{"href":"https:\/\/alzira.es\/es\/wp-json\/wp\/v2\/posts\/49569","targetHints":{"allow":["GET"]}}],"collection":[{"href":"https:\/\/alzira.es\/es\/wp-json\/wp\/v2\/posts"}],"about":[{"href":"https:\/\/alzira.es\/es\/wp-json\/wp\/v2\/types\/post"}],"author":[{"embeddable":true,"href":"https:\/\/alzira.es\/es\/wp-json\/wp\/v2\/users\/20"}],"replies":[{"embeddable":true,"href":"https:\/\/alzira.es\/es\/wp-json\/wp\/v2\/comments?post=49569"}],"version-history":[{"count":0,"href":"https:\/\/alzira.es\/es\/wp-json\/wp\/v2\/posts\/49569\/revisions"}],"wp:attachment":[{"href":"https:\/\/alzira.es\/es\/wp-json\/wp\/v2\/media?parent=49569"}],"wp:term":[{"taxonomy":"category","embeddable":true,"href":"https:\/\/alzira.es\/es\/wp-json\/wp\/v2\/categories?post=49569"},{"taxonomy":"post_tag","embeddable":true,"href":"https:\/\/alzira.es\/es\/wp-json\/wp\/v2\/tags?post=49569"}],"curies":[{"name":"wp","href":"https:\/\/api.w.org\/{rel}","templated":true}]}}