{"id":49565,"date":"2020-05-25T09:36:47","date_gmt":"2020-05-25T07:36:47","guid":{"rendered":"https:\/\/alzira.es\/les-regidories-d-educacio-i-infancia-i-joventut-repartixen-30-tauletes\/"},"modified":"2020-05-25T09:36:47","modified_gmt":"2020-05-25T07:36:47","slug":"les-regidories-d-educacio-i-infancia-i-joventut-repartixen-30-tauletes","status":"publish","type":"post","link":"https:\/\/alzira.es\/es\/les-regidories-d-educacio-i-infancia-i-joventut-repartixen-30-tauletes\/","title":{"rendered":"Les regidories d&#8217;educaci\u00f3 i inf\u00e0ncia i joventut repartixen 30 tauletes"},"content":{"rendered":"<p style=\"margin-top: 0px; margin-bottom: 6px; font-family: Helvetica, Arial, sans-serif; color: #1c1e21; font-size: 14px;\">Hui hem repartit 30 tauletes amb connexi\u00f3 a internet que les regidories d&#8217;educaci\u00f3 i inf\u00e0ncia i joventut han adquirit, per a donar servei a les fam\u00edlies.<\/p>\n<p style=\"margin-top: 6px; margin-bottom: 6px; font-family: Helvetica, Arial, sans-serif; color: #1c1e21; font-size: 14px;\">&nbsp;<\/p>\n<p style=\"margin-top: 6px; margin-bottom: 6px; font-family: Helvetica, Arial, sans-serif; color: #1c1e21; font-size: 14px;\">Agra\u00efm la tasca de volunt\u00e0ria de protecci\u00f3 civil, que han estat els encarregats de fer el repartiment.<\/p>\n<p style=\"margin-top: 6px; margin-bottom: 6px; font-family: Helvetica, Arial, sans-serif; color: #1c1e21; font-size: 14px;\">&nbsp;<\/p>\n<p style=\"margin-top: 6px; margin-bottom: 6px; font-family: Helvetica, Arial, sans-serif; color: #1c1e21; font-size: 14px;\">A m\u00e9s, es tracta de recursos dels que es podr\u00e0 fer \u00fas de cara a la incertesa del proper curs escolar.<span class=\"text_exposed_show\" style=\"display: inline; font-family: inherit;\"><br \/><\/span><\/p>\n<p style=\"margin-top: 6px; margin-bottom: 6px; font-family: Helvetica, Arial, sans-serif; color: #1c1e21; font-size: 14px;\">&nbsp;<\/p>\n<p style=\"margin-top: 6px; margin-bottom: 6px; font-family: Helvetica, Arial, sans-serif; color: #1c1e21; font-size: 14px;\"><span class=\"text_exposed_show\" style=\"display: inline; font-family: inherit;\">Estos recursos se sumen als que les passades setmanes ja es van distribuir tant per part de la Conselleria d&#8217;Educaci\u00f3 com per la regidoria de serveis socials.<\/span><\/p>\n<p>&nbsp;<\/p>\n<p><a href=\"https:\/\/www.facebook.com\/AjuntAlzira\/photos\/a.485156881564489\/2971189356294550\/?type=3&amp;theater\" target=\"_blank\" rel=\"noopener\">https:\/\/www.facebook.com\/AjuntAlzira\/photos\/a.485156881564489\/2971189356294550\/?type=3&amp;theater<\/a><\/p>\n<p><img fetchpriority=\"high\" decoding=\"async\" class=\" size-full wp-image-49561\" src=\"https:\/\/alzira.es\/wp-content\/uploads\/2020\/05\/Foto-tauletes-digitals.jpeg\" alt=\"Foto tauletes digitals\" width=\"479\" height=\"359\" srcset=\"https:\/\/alzira.es\/wp-content\/uploads\/2020\/05\/Foto-tauletes-digitals.jpeg 2000w, https:\/\/alzira.es\/wp-content\/uploads\/2020\/05\/Foto-tauletes-digitals-680x510.jpeg 680w, https:\/\/alzira.es\/wp-content\/uploads\/2020\/05\/Foto-tauletes-digitals-1430x1072.jpeg 1430w, https:\/\/alzira.es\/wp-content\/uploads\/2020\/05\/Foto-tauletes-digitals-768x576.jpeg 768w, https:\/\/alzira.es\/wp-content\/uploads\/2020\/05\/Foto-tauletes-digitals-1536x1152.jpeg 1536w\" sizes=\"(max-width: 479px) 100vw, 479px\" \/><\/p>\n","protected":false},"excerpt":{"rendered":"<p>Hui hem repartit 30 tauletes amb connexi\u00f3 a internet que les regidories d&#8217;educaci\u00f3 i inf\u00e0ncia i joventut han adquirit, per a donar servei a les fam\u00edlies. &nbsp; Agra\u00efm la tasca de volunt\u00e0ria de protecci\u00f3 civil, que han estat els encarregats de fer el repartiment. &nbsp; A m\u00e9s, es tracta de recursos dels que es podr\u00e0 &hellip; <\/p>\n<p class=\"link-more\"><a href=\"https:\/\/alzira.es\/es\/les-regidories-d-educacio-i-infancia-i-joventut-repartixen-30-tauletes\/\" class=\"more-link\">Continuar leyendo<span class=\"screen-reader-text\"> \u00abLes regidories d&#8217;educaci\u00f3 i inf\u00e0ncia i joventut repartixen 30 tauletes\u00bb<\/span><\/a><\/p>\n","protected":false},"author":20,"featured_media":49561,"comment_status":"","ping_status":"","sticky":false,"template":"","format":"standard","meta":{"_acf_changed":false,"footnotes":""},"categories":[],"tags":[],"class_list":["post-49565","post","type-post","status-publish","format-standard","has-post-thumbnail","hentry"],"acf":[],"_links":{"self":[{"href":"https:\/\/alzira.es\/es\/wp-json\/wp\/v2\/posts\/49565","targetHints":{"allow":["GET"]}}],"collection":[{"href":"https:\/\/alzira.es\/es\/wp-json\/wp\/v2\/posts"}],"about":[{"href":"https:\/\/alzira.es\/es\/wp-json\/wp\/v2\/types\/post"}],"author":[{"embeddable":true,"href":"https:\/\/alzira.es\/es\/wp-json\/wp\/v2\/users\/20"}],"replies":[{"embeddable":true,"href":"https:\/\/alzira.es\/es\/wp-json\/wp\/v2\/comments?post=49565"}],"version-history":[{"count":0,"href":"https:\/\/alzira.es\/es\/wp-json\/wp\/v2\/posts\/49565\/revisions"}],"wp:featuredmedia":[{"embeddable":true,"href":"https:\/\/alzira.es\/es\/wp-json\/wp\/v2\/media\/49561"}],"wp:attachment":[{"href":"https:\/\/alzira.es\/es\/wp-json\/wp\/v2\/media?parent=49565"}],"wp:term":[{"taxonomy":"category","embeddable":true,"href":"https:\/\/alzira.es\/es\/wp-json\/wp\/v2\/categories?post=49565"},{"taxonomy":"post_tag","embeddable":true,"href":"https:\/\/alzira.es\/es\/wp-json\/wp\/v2\/tags?post=49565"}],"curies":[{"name":"wp","href":"https:\/\/api.w.org\/{rel}","templated":true}]}}