{"id":49549,"date":"2020-05-22T14:06:52","date_gmt":"2020-05-22T12:06:52","guid":{"rendered":"https:\/\/alzira.es\/pistes-de-padel-estaran-obertes-2\/"},"modified":"2020-05-22T14:06:52","modified_gmt":"2020-05-22T12:06:52","slug":"pistes-de-padel-estaran-obertes-2","status":"publish","type":"post","link":"https:\/\/alzira.es\/es\/pistes-de-padel-estaran-obertes-2\/","title":{"rendered":"Les pistes de p\u00e0del estaran obertes per al seu \u00fas des del 25 de maig"},"content":{"rendered":"<p style=\"text-align: justify;\">\u00b7 El gimn\u00e0s d&#8217;halterof\u00edlia tamb\u00e9 obrir\u00e0, per\u00f2 nom\u00e9s per als huit atletes d&#8217;alt rendiment del club<\/p>\n<p style=\"text-align: justify;\">La Regidoria d&#8217;Esports de l&#8217;Ajuntament d&#8217;Alzira est\u00e0 immersa en la desescalada esportiva, en tot moment basada en el pla per a la transici\u00f3 cap a la nova normalitat aprovat pel Consell de Ministres el passat 28 d&#8217;abril, i on es contempla les fases a seguir tant per a l&#8217;esport professional i federat, com per a l&#8217;esport no professional.<\/p>\n<p style=\"text-align: justify;\">A hores d&#8217;ara en la ciutat d&#8217;Alzira estan obertes, des del dia 20 de maig, la pista d&#8217;atletisme i el circuit de cross, en el Poliesportiu a l&#8217;aire lliure Jorge Mart\u00ednez Aspar. Per tal de seguir el protocol del Ministeri de Sanitat cal cenyir-se a un control d&#8217;aforament, aix\u00ed com a les mesures socials i higi\u00e8niques. L&#8217;horari establit per a la utilitzaci\u00f3 de la pista i el circuit \u00e9s el seg\u00fcent: de dilluns a dissabte de 8 a 14 hores i de 17,30 a 22 hores. Diumenges de 8 a 14 hores. Per a accedir al recinte cal dirigir-se al punt \u00fanic d&#8217;acc\u00e9s, porta principal que dona a la pista d&#8217;atletisme.<\/p>\n<p style=\"text-align: justify;\">A partir del dilluns 25 de maig es procedir\u00e0 a l&#8217;obertura del gimn\u00e0s d&#8217;halterof\u00edlia, del que podran fer \u00fas nom\u00e9s els huit atletes d&#8217;alt rendiment amb que compta el club en la nostra ciutat, en tot moment baix la supervisi\u00f3 d&#8217;un coordinador del club. L&#8217;horari ser\u00e0 de 18 a 20,15 hores, dilluns, dimarts, dijous i divendres.<\/p>\n<p style=\"text-align: justify;\">Les pistes de P\u00e0del del camp d&#8217;esports Ven\u00e8cia \u00e9s un altre dels espais esportius que tenen prevista la seua obertura el 25 de maig, en este cas per al lloguer de les pistes en horari vespert\u00ed, de 16,30 a 21,30. La reserva de les pistes es gestionar\u00e0 mitjan\u00e7ant cita pr\u00e8via, cridant als n\u00fameros de tel\u00e8fon: 685 566 157 i 963 128 304, de dilluns a divendres, de 8 a 14 hores i de 16 a 21 hores.<br \/>Es permetr\u00e0 l&#8217;\u00fas de les pistes per a un m\u00e0xim de 2 usuaris per pista, en la modalitat d&#8217;un contra un, separats per la xarxa; un total de sis esportistes per hora. Caldr\u00e0 mantindre la distancia de seguretat de dos metres, utilitzar cada jugador la seua pala i no es podr\u00e0 utilitzar els vestuaris, pel que hi ha que acudir canviats de casa amb la pertinent roba esportiva. Estes mateixes mesures, aix\u00ed com els n\u00fameros de tel\u00e8fon s\u00f3n els que caldr\u00e0 utilitzar des de l&#8217;1 de juny per a les classes particulars.<\/p>\n<p style=\"text-align: justify;\"><strong>Fernando Pascual<\/strong>, regidor d&#8217;Esports, demana col\u00b7laboraci\u00f3 i enteniment a totes i tots els ciutadans que solen utilitzar les instal\u00b7lacions esportives municipals, ja que la crisi sanit\u00e0ria originada per la Covid-19 ha provocat que s&#8217;hagen tindre que adoptar mesures extraordin\u00e0ries per a evitar la transmissi\u00f3 del virus i no sobrepassar la capacitat dels sistemes sanitaris.<\/p>\n<p style=\"text-align: justify;\"><em>\u00abCal recordar en tot moment que ens trobem en la fase 1 de la desescalada i per tant continua sent obligatori respectar cada una de les restriccions marcades pel Ministeri de Sanitat\u00bb<\/em>, segons el regidor.<\/p>\n<p style=\"text-align: center;\"><img fetchpriority=\"high\" decoding=\"async\" width=\"600\" height=\"450\" class=\" size-full wp-image-49545\" src=\"https:\/\/alzira.es\/wp-content\/uploads\/2020\/05\/pistes_padel.jpg\" alt=\"pistes p\u00e0del\" \/><\/p>\n","protected":false},"excerpt":{"rendered":"<p>\u00b7 El gimn\u00e0s d&#8217;halterof\u00edlia tamb\u00e9 obrir\u00e0, per\u00f2 nom\u00e9s per als huit atletes d&#8217;alt rendiment del club La Regidoria d&#8217;Esports de l&#8217;Ajuntament d&#8217;Alzira est\u00e0 immersa en la desescalada esportiva, en tot moment basada en el pla per a la transici\u00f3 cap a la nova normalitat aprovat pel Consell de Ministres el passat 28 d&#8217;abril, i on &hellip; <\/p>\n<p class=\"link-more\"><a href=\"https:\/\/alzira.es\/es\/pistes-de-padel-estaran-obertes-2\/\" class=\"more-link\">Continuar leyendo<span class=\"screen-reader-text\"> \u00abLes pistes de p\u00e0del estaran obertes per al seu \u00fas des del 25 de maig\u00bb<\/span><\/a><\/p>\n","protected":false},"author":29,"featured_media":49545,"comment_status":"","ping_status":"","sticky":false,"template":"","format":"standard","meta":{"_acf_changed":false,"footnotes":""},"categories":[],"tags":[],"class_list":["post-49549","post","type-post","status-publish","format-standard","has-post-thumbnail","hentry"],"acf":[],"_links":{"self":[{"href":"https:\/\/alzira.es\/es\/wp-json\/wp\/v2\/posts\/49549","targetHints":{"allow":["GET"]}}],"collection":[{"href":"https:\/\/alzira.es\/es\/wp-json\/wp\/v2\/posts"}],"about":[{"href":"https:\/\/alzira.es\/es\/wp-json\/wp\/v2\/types\/post"}],"author":[{"embeddable":true,"href":"https:\/\/alzira.es\/es\/wp-json\/wp\/v2\/users\/29"}],"replies":[{"embeddable":true,"href":"https:\/\/alzira.es\/es\/wp-json\/wp\/v2\/comments?post=49549"}],"version-history":[{"count":0,"href":"https:\/\/alzira.es\/es\/wp-json\/wp\/v2\/posts\/49549\/revisions"}],"wp:featuredmedia":[{"embeddable":true,"href":"https:\/\/alzira.es\/es\/wp-json\/wp\/v2\/media\/49545"}],"wp:attachment":[{"href":"https:\/\/alzira.es\/es\/wp-json\/wp\/v2\/media?parent=49549"}],"wp:term":[{"taxonomy":"category","embeddable":true,"href":"https:\/\/alzira.es\/es\/wp-json\/wp\/v2\/categories?post=49549"},{"taxonomy":"post_tag","embeddable":true,"href":"https:\/\/alzira.es\/es\/wp-json\/wp\/v2\/tags?post=49549"}],"curies":[{"name":"wp","href":"https:\/\/api.w.org\/{rel}","templated":true}]}}