{"id":49547,"date":"2020-05-22T14:06:52","date_gmt":"2020-05-22T12:06:52","guid":{"rendered":"https:\/\/alzira.es\/pistes-de-padel-estaran-obertes\/"},"modified":"2020-05-22T14:06:52","modified_gmt":"2020-05-22T12:06:52","slug":"pistes-de-padel-estaran-obertes","status":"publish","type":"post","link":"https:\/\/alzira.es\/es\/pistes-de-padel-estaran-obertes\/","title":{"rendered":"Las pistas de p\u00e1del estar\u00e1n abiertas para su uso desde el 25 de mayo"},"content":{"rendered":"<p style=\"text-align: justify;\">\u00b7 El gimnasio de halterofilia tambi\u00e9n abrir\u00e1, pero solo para los ocho atletas de alto rendimiento del club<\/p>\n<p>La Concejal\u00eda de Deportes del Ayuntamiento de Alzira est\u00e1 inmersa en la desescalada deportiva, en todo momento basada en el plan para la transici\u00f3n hacia la nueva normalidad aprobado por el Consejo de Ministros el pasado 28 de abril, y donde se contempla las fases a seguir tanto para el deporte profesional y federado, como para el deporte no profesional.<\/p>\n<p>A estas alturas en la ciudad de Alzira est\u00e1n abiertas, desde el d\u00eda 20 de mayo, la pista de atletismo y el circuito de cross, en el Polideportivo al aire libre Jorge Mart\u00ednez Aspar. Para seguir el protocolo del Ministerio de Sanidad hay que ce\u00f1irse a un control de aforo, as\u00ed como a las medidas sociales e higi\u00e9nicas. El horario establecido para la utilizaci\u00f3n de la pista y el circuito es el siguiente: de lunes a s\u00e1bado de 8 a 14 horas y de 17,30 a 22 horas. Domingos de 8 a 14 horas. Para acceder al recinto hay que dirigirse en su punto \u00fanico de acceso, puerta principal que mujer a la pista de atletismo.<\/p>\n<p>A partir del lunes 25 de mayo se proceder\u00e1 a la apertura del gimnasio de halterofilia, del que podr\u00e1n hacer uso solo los ocho atletas de alto rendimiento con que cuenta el club en nuestra ciudad, en todo momento bajo la supervisi\u00f3n de un coordinador del club. El horario ser\u00e1 de 18 a 20,15 horas, lunes, martes, jueves y viernes.<\/p>\n<p>Las pistas de P\u00e1del del campo de deportes Venecia es otro de los espacios deportivos que tienen prevista su apertura el 25 de mayo, en este caso para el alquiler de las pistas en horario vespertino, de 16,30 a 21,30. La reserva de las pistas se gestionar\u00e1 mediante cita previa, llamando a los n\u00fameros de tel\u00e9fono: 685 566 157 y 963 128 304, de lunes a viernes, de 8 a 14 horas y de 16 a 21 horas.<br \/>Se permitir\u00e1 el uso de las pistas para un m\u00e1ximo de 2 usuarios por pista, en la modalidad de uno contra uno, separados por la red; un total de seis deportistas por hora. Habr\u00e1 que mantener la distancia de seguridad de dos metros, utilizar cada jugador su pala y no se podr\u00e1 utilizar los vestuarios, por lo que hay que acudir cambiados de casa con la pertinente ropa deportiva. Estas mismas medidas, as\u00ed como los n\u00fameros de tel\u00e9fono son los que habr\u00e1 que utilizar desde el 1 de junio para las clases particulares.<\/p>\n<p><strong>Fernando Pascual<\/strong>, regidor de Deportes, pide colaboraci\u00f3n y entendimiento a todas y todos los ciudadanos que suelen utilizar las instalaciones deportivas municipales, puesto que la crisis sanitaria originada por la Covid-19 ha provocado que se tengan que adoptar medidas extraordinarias para evitar la transmisi\u00f3n del virus y no sobrepasar la capacidad de los sistemas sanitarios.<\/p>\n<p><em>\u00abHay que recordar en todo momento que nos encontramos en la fase 1 de la desescalada y por tanto contin\u00faa siendo obligatorio respetar cada una de las restricciones marcadas por el Ministerio de Sanidad\u00bb<\/em>, seg\u00fan el regidor.<\/p>\n<p style=\"text-align: center;\"><img fetchpriority=\"high\" decoding=\"async\" width=\"600\" height=\"450\" class=\" size-full wp-image-49545\" src=\"https:\/\/alzira.es\/wp-content\/uploads\/2020\/05\/pistes_padel.jpg\" alt=\"pistes p\u00e0del\" \/><\/p>\n","protected":false},"excerpt":{"rendered":"<p>\u00b7 El gimnasio de halterofilia tambi\u00e9n abrir\u00e1, pero solo para los ocho atletas de alto rendimiento del club La Concejal\u00eda de Deportes del Ayuntamiento de Alzira est\u00e1 inmersa en la desescalada deportiva, en todo momento basada en el plan para la transici\u00f3n hacia la nueva normalidad aprobado por el Consejo de Ministros el pasado 28 &hellip; <\/p>\n<p class=\"link-more\"><a href=\"https:\/\/alzira.es\/es\/pistes-de-padel-estaran-obertes\/\" class=\"more-link\">Continuar leyendo<span class=\"screen-reader-text\"> \u00abLas pistas de p\u00e1del estar\u00e1n abiertas para su uso desde el 25 de mayo\u00bb<\/span><\/a><\/p>\n","protected":false},"author":29,"featured_media":49545,"comment_status":"","ping_status":"","sticky":false,"template":"","format":"standard","meta":{"_acf_changed":false,"footnotes":""},"categories":[4936],"tags":[],"class_list":["post-49547","post","type-post","status-publish","format-standard","has-post-thumbnail","hentry","category-hemeroteca-es"],"acf":[],"_links":{"self":[{"href":"https:\/\/alzira.es\/es\/wp-json\/wp\/v2\/posts\/49547","targetHints":{"allow":["GET"]}}],"collection":[{"href":"https:\/\/alzira.es\/es\/wp-json\/wp\/v2\/posts"}],"about":[{"href":"https:\/\/alzira.es\/es\/wp-json\/wp\/v2\/types\/post"}],"author":[{"embeddable":true,"href":"https:\/\/alzira.es\/es\/wp-json\/wp\/v2\/users\/29"}],"replies":[{"embeddable":true,"href":"https:\/\/alzira.es\/es\/wp-json\/wp\/v2\/comments?post=49547"}],"version-history":[{"count":0,"href":"https:\/\/alzira.es\/es\/wp-json\/wp\/v2\/posts\/49547\/revisions"}],"wp:featuredmedia":[{"embeddable":true,"href":"https:\/\/alzira.es\/es\/wp-json\/wp\/v2\/media\/49545"}],"wp:attachment":[{"href":"https:\/\/alzira.es\/es\/wp-json\/wp\/v2\/media?parent=49547"}],"wp:term":[{"taxonomy":"category","embeddable":true,"href":"https:\/\/alzira.es\/es\/wp-json\/wp\/v2\/categories?post=49547"},{"taxonomy":"post_tag","embeddable":true,"href":"https:\/\/alzira.es\/es\/wp-json\/wp\/v2\/tags?post=49547"}],"curies":[{"name":"wp","href":"https:\/\/api.w.org\/{rel}","templated":true}]}}