{"id":49543,"date":"2020-05-22T12:37:42","date_gmt":"2020-05-22T10:37:42","guid":{"rendered":"https:\/\/alzira.es\/cuidem-el-nostre-tresor-natural-es-la-campanya-de-l-ajuntament-d-alzira-per-a-previndre-incendis-forestals-2\/"},"modified":"2020-05-22T12:37:42","modified_gmt":"2020-05-22T10:37:42","slug":"cuidem-el-nostre-tresor-natural-es-la-campanya-de-l-ajuntament-d-alzira-per-a-previndre-incendis-forestals-2","status":"publish","type":"post","link":"https:\/\/alzira.es\/es\/cuidem-el-nostre-tresor-natural-es-la-campanya-de-l-ajuntament-d-alzira-per-a-previndre-incendis-forestals-2\/","title":{"rendered":"Cuidem el nostre tresor natural, \u00e9s la campanya de l\u2019Ajuntament d\u2019Alzira per a previndre incendis forestals"},"content":{"rendered":"<p style=\"text-align: justify;\">Amb el lema <strong><em>\u00abCuidem el nostre tresor natural\u00bb<\/em><\/strong> l&#8217;Ajuntament d&#8217;Alzira llan\u00e7a una campanya informativa sobre prevenci\u00f3 d&#8217;incendis forestals amb l&#8217;objecte d&#8217;implicar i sensibilitzar els principals grups socials que interactuen di\u00e0riament amb el nostre paisatge.<\/p>\n<p style=\"text-align: justify;\">Despr\u00e9s d&#8217;un any extremadament pluj\u00f3s les nostres muntanyes han experimentat un important augment de la biomassa forestal, aquest fet propicia que per a la pr\u00f2xima \u00e8poca estival el risc d &#8216;incendi forestal siga major que el dels \u00faltims anys.<\/p>\n<p style=\"text-align: justify;\">Per eixe motiu, l&#8217;Ajuntament llan\u00e7a esta campanya per a incrementar les precaucions i a banda de fer vigil\u00e0ncia amb les unitats de prevenci\u00f3 d&#8217;incendis forestals oficials, demana la col\u00b7laboraci\u00f3 de la ciutadania per a extremar la cust\u00f2dia del paisatge forestal.<\/p>\n<p style=\"text-align: justify;\">El regidor de l&#8217;\u00e0rea de Medi Ambient, <strong>Pep Carreres<\/strong>, ha manifestat que <em>\u00abamb la tornada a l&#8217;activitat despr\u00e9s d&#8217;aquest llarg confinament i degut a les abundants pluges dels \u00faltims mesos, a tots ens ha sorpr\u00e8s l&#8217;explosi\u00f3 de la biodiversitat i l&#8217;exuber\u00e0ncia de la vegetaci\u00f3 dels nostres espais naturals. Hem de ser conscients que tota aquesta abund\u00e0ncia de vegetaci\u00f3 forestal, a l&#8217;estiu perd la humitat i es converteix en combustible disponible per als incendis forestals, podent ser molt r\u00e0pids i virulents.<\/em><br \/><em>\u00c9s molt important que tots els ciutadans quan gaudim dels espais naturals, prenem consci\u00e8ncia del seu valor i dels beneficis que ens ofereixen, per aix\u00ed convertir-nos en part activa de la seua vigil\u00e0ncia i protecci\u00f3\u00bb<\/em><\/p>\n<p style=\"text-align: justify;\"><span style=\"text-decoration: underline;\">La campanya informativa est\u00e0 dirigida a tots els grups socials que viuen i gaudixen del nostre territori, i especialment a<\/span>: <em>Llauradors, passejadors, cicloturistes o propietaris de cases en terreny forestal<\/em>. D&#8217;eixa manera es van a llan\u00e7ar diferents missatges breus amb recomanacions personalitzades i dirigides a cada actor social que interactua en un entorn pr\u00f2xim al forestal. Es tracta de consells i advert\u00e8ncies que cada grup pot adoptar en les seues accions, b\u00e9 per a minimitzar el risc d&#8217;incendi forestal o b\u00e9 per a donar un av\u00eds primerenc en cas de detectar un inici d&#8217;incendi, possibilitant aix\u00ed la r\u00e0pida intervenci\u00f3 dels mitjos d&#8217;extinci\u00f3.<\/p>\n<p style=\"text-align: center;\"><a class=\"jcepopup\" href=\"https:\/\/alzira.es\/wp-content\/uploads\/2020\/05\/agricultors_1.jpg\" target=\"_blank\" rel=\"noopener\"><img fetchpriority=\"high\" decoding=\"async\" class=\" size-full wp-image-49534\" src=\"https:\/\/alzira.es\/wp-content\/uploads\/2020\/05\/agricultors_1.jpg\" alt=\"agricultors 1\" width=\"400\" height=\"400\" srcset=\"https:\/\/alzira.es\/wp-content\/uploads\/2020\/05\/agricultors_1.jpg 1000w, https:\/\/alzira.es\/wp-content\/uploads\/2020\/05\/agricultors_1-510x510.jpg 510w, https:\/\/alzira.es\/wp-content\/uploads\/2020\/05\/agricultors_1-350x350.jpg 350w, https:\/\/alzira.es\/wp-content\/uploads\/2020\/05\/agricultors_1-768x768.jpg 768w, https:\/\/alzira.es\/wp-content\/uploads\/2020\/05\/agricultors_1-100x100.jpg 100w\" sizes=\"(max-width: 400px) 100vw, 400px\" \/><\/a>&nbsp;<a class=\"jcepopup\" style=\"font-size: 14.4px; text-align: center;\" type=\"image\" href=\"https:\/\/alzira.es\/wp-content\/uploads\/2020\/05\/passejadors_2.jpg\" target=\"_blank\" rel=\"noopener\"><img decoding=\"async\" class=\"size-full wp-image-49537 lazyload\" data-src=\"https:\/\/alzira.es\/wp-content\/uploads\/2020\/05\/passejadors_2.jpg\" alt=\"passejadors 2\" width=\"400\" height=\"400\" data-srcset=\"https:\/\/alzira.es\/wp-content\/uploads\/2020\/05\/passejadors_2.jpg 1000w, https:\/\/alzira.es\/wp-content\/uploads\/2020\/05\/passejadors_2-510x510.jpg 510w, https:\/\/alzira.es\/wp-content\/uploads\/2020\/05\/passejadors_2-350x350.jpg 350w, https:\/\/alzira.es\/wp-content\/uploads\/2020\/05\/passejadors_2-768x768.jpg 768w, https:\/\/alzira.es\/wp-content\/uploads\/2020\/05\/passejadors_2-100x100.jpg 100w\" data-sizes=\"(max-width: 400px) 100vw, 400px\" src=\"data:image\/svg+xml;base64,PHN2ZyB3aWR0aD0iMSIgaGVpZ2h0PSIxIiB4bWxucz0iaHR0cDovL3d3dy53My5vcmcvMjAwMC9zdmciPjwvc3ZnPg==\" style=\"--smush-placeholder-width: 400px; --smush-placeholder-aspect-ratio: 400\/400;\" \/><\/a>&nbsp;<a class=\"jcepopup\" style=\"font-size: 14.4px; text-align: center;\" type=\"image\" href=\"https:\/\/alzira.es\/wp-content\/uploads\/2020\/05\/propietari_3.jpg\" target=\"_blank\" rel=\"noopener\"><img decoding=\"async\" class=\"size-full wp-image-49539 lazyload\" data-src=\"https:\/\/alzira.es\/wp-content\/uploads\/2020\/05\/propietari_3.jpg\" alt=\"propietari 3\" width=\"400\" height=\"400\" data-srcset=\"https:\/\/alzira.es\/wp-content\/uploads\/2020\/05\/propietari_3.jpg 1000w, https:\/\/alzira.es\/wp-content\/uploads\/2020\/05\/propietari_3-510x510.jpg 510w, https:\/\/alzira.es\/wp-content\/uploads\/2020\/05\/propietari_3-350x350.jpg 350w, https:\/\/alzira.es\/wp-content\/uploads\/2020\/05\/propietari_3-768x768.jpg 768w, https:\/\/alzira.es\/wp-content\/uploads\/2020\/05\/propietari_3-100x100.jpg 100w\" data-sizes=\"(max-width: 400px) 100vw, 400px\" src=\"data:image\/svg+xml;base64,PHN2ZyB3aWR0aD0iMSIgaGVpZ2h0PSIxIiB4bWxucz0iaHR0cDovL3d3dy53My5vcmcvMjAwMC9zdmciPjwvc3ZnPg==\" style=\"--smush-placeholder-width: 400px; --smush-placeholder-aspect-ratio: 400\/400;\" \/><\/a><\/p>\n","protected":false},"excerpt":{"rendered":"<p>Amb el lema \u00abCuidem el nostre tresor natural\u00bb l&#8217;Ajuntament d&#8217;Alzira llan\u00e7a una campanya informativa sobre prevenci\u00f3 d&#8217;incendis forestals amb l&#8217;objecte d&#8217;implicar i sensibilitzar els principals grups socials que interactuen di\u00e0riament amb el nostre paisatge. Despr\u00e9s d&#8217;un any extremadament pluj\u00f3s les nostres muntanyes han experimentat un important augment de la biomassa forestal, aquest fet propicia que &hellip; <\/p>\n<p class=\"link-more\"><a href=\"https:\/\/alzira.es\/es\/cuidem-el-nostre-tresor-natural-es-la-campanya-de-l-ajuntament-d-alzira-per-a-previndre-incendis-forestals-2\/\" class=\"more-link\">Continuar leyendo<span class=\"screen-reader-text\"> \u00abCuidem el nostre tresor natural, \u00e9s la campanya de l\u2019Ajuntament d\u2019Alzira per a previndre incendis forestals\u00bb<\/span><\/a><\/p>\n","protected":false},"author":29,"featured_media":49534,"comment_status":"","ping_status":"","sticky":false,"template":"","format":"standard","meta":{"_acf_changed":false,"footnotes":""},"categories":[],"tags":[],"class_list":["post-49543","post","type-post","status-publish","format-standard","has-post-thumbnail","hentry"],"acf":[],"_links":{"self":[{"href":"https:\/\/alzira.es\/es\/wp-json\/wp\/v2\/posts\/49543","targetHints":{"allow":["GET"]}}],"collection":[{"href":"https:\/\/alzira.es\/es\/wp-json\/wp\/v2\/posts"}],"about":[{"href":"https:\/\/alzira.es\/es\/wp-json\/wp\/v2\/types\/post"}],"author":[{"embeddable":true,"href":"https:\/\/alzira.es\/es\/wp-json\/wp\/v2\/users\/29"}],"replies":[{"embeddable":true,"href":"https:\/\/alzira.es\/es\/wp-json\/wp\/v2\/comments?post=49543"}],"version-history":[{"count":0,"href":"https:\/\/alzira.es\/es\/wp-json\/wp\/v2\/posts\/49543\/revisions"}],"wp:featuredmedia":[{"embeddable":true,"href":"https:\/\/alzira.es\/es\/wp-json\/wp\/v2\/media\/49534"}],"wp:attachment":[{"href":"https:\/\/alzira.es\/es\/wp-json\/wp\/v2\/media?parent=49543"}],"wp:term":[{"taxonomy":"category","embeddable":true,"href":"https:\/\/alzira.es\/es\/wp-json\/wp\/v2\/categories?post=49543"},{"taxonomy":"post_tag","embeddable":true,"href":"https:\/\/alzira.es\/es\/wp-json\/wp\/v2\/tags?post=49543"}],"curies":[{"name":"wp","href":"https:\/\/api.w.org\/{rel}","templated":true}]}}