{"id":49541,"date":"2020-05-22T12:37:42","date_gmt":"2020-05-22T10:37:42","guid":{"rendered":"https:\/\/alzira.es\/cuidem-el-nostre-tresor-natural-es-la-campanya-de-l-ajuntament-d-alzira-per-a-previndre-incendis-forestals\/"},"modified":"2020-05-22T12:37:42","modified_gmt":"2020-05-22T10:37:42","slug":"cuidem-el-nostre-tresor-natural-es-la-campanya-de-l-ajuntament-d-alzira-per-a-previndre-incendis-forestals","status":"publish","type":"post","link":"https:\/\/alzira.es\/es\/cuidem-el-nostre-tresor-natural-es-la-campanya-de-l-ajuntament-d-alzira-per-a-previndre-incendis-forestals\/","title":{"rendered":"Cuidamos nuestro tesoro natural, es la campa\u00f1a del Ayuntamiento de Alzira para prevenir incendios forestales"},"content":{"rendered":"<p style=\"text-align: justify;\">Con el lema&nbsp;<strong style=\"font-family: sans-serif; font-size: 14.4px; text-align: justify;\"><em>\u00abCuidemos nuestro tesoro natural\u00bb<\/em><\/strong> el Ayuntamiento de Alzira lanza una campa\u00f1a informativa sobre prevenci\u00f3n de incendios forestales con el objeto de implicar y sensibilizar los principales grupos sociales que interact\u00faan diariamente con nuestro paisaje.<\/p>\n<p>Despu\u00e9s de un a\u00f1o extremadamente lluvioso nuestras monta\u00f1as han experimentado un importante aumento de la biomasa forestal, este hecho propicia que para la pr\u00f3xima \u00e9poca estival el riesgo d &#8216;incendio forestal sea mayor que el de los \u00faltimos a\u00f1os.<\/p>\n<p>Por ese motivo, el Ayuntamiento lanza esta campa\u00f1a para incrementar las precauciones y adem\u00e1s de hacer vigilancia con las unidades de prevenci\u00f3n de incendios forestales oficiales, pide la colaboraci\u00f3n de la ciudadan\u00eda para extremar la custodia del paisaje forestal.<\/p>\n<p>El regidor del \u00e1rea de Medio Ambiente, <strong>Pep Carreres<\/strong>, ha manifestado que <em>\u00abcon la vuelta a la actividad despu\u00e9s de este largo confinamiento y debido a las abundantes lluvias de los \u00faltimos meses, a todos nos ha sorprendido la explosi\u00f3n de la biodiversidad y la exuberancia de la vegetaci\u00f3n de nuestros espacios naturales. Tenemos que ser conscientes que toda esta abundancia de vegetaci\u00f3n forestal, en verano pierde la humedad y se convierte en combustible disponible para los incendios forestales, pudiendo ser muy r\u00e1pidos y virulentos.<\/em><br \/><em>Es muy importante que todos los ciudadanos cuando disfrutemos de los espacios naturales, tomamos conciencia de su valor y de los beneficios que nos ofrecen, por as\u00ed convertirnos en parte activa de su vigilancia y protecci\u00f3n\u00bb<\/em><\/p>\n<p><span style=\"text-decoration: underline;\">La campa\u00f1a informativa est\u00e1 dirigida a todos los grupos sociales que viven y disfrutan de nuestro territorio, y especialmente a<\/span>: <em>Labradores, paseadores, cicloturistas o propietarios de casas en terreno forestal<\/em>. De esa manera se van a lanzar diferentes mensajes breves con recomendaciones personalizadas y dirigidas a cada acto social que interact\u00faa en un entorno pr\u00f3ximo al forestal. Se trata de consejos y advertencias que cada grupo puede adoptar en sus acciones, bien para minimizar el riesgo de incendio forestal o bien para dar un aviso temprano en caso de detectar un inicio de incendio, posibilitando as\u00ed la r\u00e1pida intervenci\u00f3n de los medios de extinci\u00f3n.<\/p>\n<p style=\"text-align: center;\"><a class=\"jcepopup\" href=\"https:\/\/alzira.es\/wp-content\/uploads\/2020\/05\/agricultors_1.jpg\" target=\"_blank\" rel=\"noopener\"><img fetchpriority=\"high\" decoding=\"async\" class=\" size-full wp-image-49534\" src=\"https:\/\/alzira.es\/wp-content\/uploads\/2020\/05\/agricultors_1.jpg\" alt=\"agricultors 1\" width=\"400\" height=\"400\" srcset=\"https:\/\/alzira.es\/wp-content\/uploads\/2020\/05\/agricultors_1.jpg 1000w, https:\/\/alzira.es\/wp-content\/uploads\/2020\/05\/agricultors_1-510x510.jpg 510w, https:\/\/alzira.es\/wp-content\/uploads\/2020\/05\/agricultors_1-350x350.jpg 350w, https:\/\/alzira.es\/wp-content\/uploads\/2020\/05\/agricultors_1-768x768.jpg 768w, https:\/\/alzira.es\/wp-content\/uploads\/2020\/05\/agricultors_1-100x100.jpg 100w\" sizes=\"(max-width: 400px) 100vw, 400px\" \/><\/a>&nbsp;<a class=\"jcepopup\" style=\"font-size: 14.4px; text-align: center;\" type=\"image\" href=\"https:\/\/alzira.es\/wp-content\/uploads\/2020\/05\/passejadors_2.jpg\" target=\"_blank\" rel=\"noopener\"><img decoding=\"async\" class=\"size-full wp-image-49537 lazyload\" data-src=\"https:\/\/alzira.es\/wp-content\/uploads\/2020\/05\/passejadors_2.jpg\" alt=\"passejadors 2\" width=\"400\" height=\"400\" data-srcset=\"https:\/\/alzira.es\/wp-content\/uploads\/2020\/05\/passejadors_2.jpg 1000w, https:\/\/alzira.es\/wp-content\/uploads\/2020\/05\/passejadors_2-510x510.jpg 510w, https:\/\/alzira.es\/wp-content\/uploads\/2020\/05\/passejadors_2-350x350.jpg 350w, https:\/\/alzira.es\/wp-content\/uploads\/2020\/05\/passejadors_2-768x768.jpg 768w, https:\/\/alzira.es\/wp-content\/uploads\/2020\/05\/passejadors_2-100x100.jpg 100w\" data-sizes=\"(max-width: 400px) 100vw, 400px\" src=\"data:image\/svg+xml;base64,PHN2ZyB3aWR0aD0iMSIgaGVpZ2h0PSIxIiB4bWxucz0iaHR0cDovL3d3dy53My5vcmcvMjAwMC9zdmciPjwvc3ZnPg==\" style=\"--smush-placeholder-width: 400px; --smush-placeholder-aspect-ratio: 400\/400;\" \/><\/a>&nbsp;<a class=\"jcepopup\" style=\"font-size: 14.4px; text-align: center;\" type=\"image\" href=\"https:\/\/alzira.es\/wp-content\/uploads\/2020\/05\/propietari_3.jpg\" target=\"_blank\" rel=\"noopener\"><img decoding=\"async\" class=\"size-full wp-image-49539 lazyload\" data-src=\"https:\/\/alzira.es\/wp-content\/uploads\/2020\/05\/propietari_3.jpg\" alt=\"propietari 3\" width=\"400\" height=\"400\" data-srcset=\"https:\/\/alzira.es\/wp-content\/uploads\/2020\/05\/propietari_3.jpg 1000w, https:\/\/alzira.es\/wp-content\/uploads\/2020\/05\/propietari_3-510x510.jpg 510w, https:\/\/alzira.es\/wp-content\/uploads\/2020\/05\/propietari_3-350x350.jpg 350w, https:\/\/alzira.es\/wp-content\/uploads\/2020\/05\/propietari_3-768x768.jpg 768w, https:\/\/alzira.es\/wp-content\/uploads\/2020\/05\/propietari_3-100x100.jpg 100w\" data-sizes=\"(max-width: 400px) 100vw, 400px\" src=\"data:image\/svg+xml;base64,PHN2ZyB3aWR0aD0iMSIgaGVpZ2h0PSIxIiB4bWxucz0iaHR0cDovL3d3dy53My5vcmcvMjAwMC9zdmciPjwvc3ZnPg==\" style=\"--smush-placeholder-width: 400px; --smush-placeholder-aspect-ratio: 400\/400;\" \/><\/a><\/p>\n","protected":false},"excerpt":{"rendered":"<p>Con el lema&nbsp;\u00abCuidemos nuestro tesoro natural\u00bb el Ayuntamiento de Alzira lanza una campa\u00f1a informativa sobre prevenci\u00f3n de incendios forestales con el objeto de implicar y sensibilizar los principales grupos sociales que interact\u00faan diariamente con nuestro paisaje. Despu\u00e9s de un a\u00f1o extremadamente lluvioso nuestras monta\u00f1as han experimentado un importante aumento de la biomasa forestal, este hecho &hellip; <\/p>\n<p class=\"link-more\"><a href=\"https:\/\/alzira.es\/es\/cuidem-el-nostre-tresor-natural-es-la-campanya-de-l-ajuntament-d-alzira-per-a-previndre-incendis-forestals\/\" class=\"more-link\">Continuar leyendo<span class=\"screen-reader-text\"> \u00abCuidamos nuestro tesoro natural, es la campa\u00f1a del Ayuntamiento de Alzira para prevenir incendios forestales\u00bb<\/span><\/a><\/p>\n","protected":false},"author":29,"featured_media":49534,"comment_status":"","ping_status":"","sticky":false,"template":"","format":"standard","meta":{"_acf_changed":false,"footnotes":""},"categories":[4936],"tags":[],"class_list":["post-49541","post","type-post","status-publish","format-standard","has-post-thumbnail","hentry","category-hemeroteca-es"],"acf":[],"_links":{"self":[{"href":"https:\/\/alzira.es\/es\/wp-json\/wp\/v2\/posts\/49541","targetHints":{"allow":["GET"]}}],"collection":[{"href":"https:\/\/alzira.es\/es\/wp-json\/wp\/v2\/posts"}],"about":[{"href":"https:\/\/alzira.es\/es\/wp-json\/wp\/v2\/types\/post"}],"author":[{"embeddable":true,"href":"https:\/\/alzira.es\/es\/wp-json\/wp\/v2\/users\/29"}],"replies":[{"embeddable":true,"href":"https:\/\/alzira.es\/es\/wp-json\/wp\/v2\/comments?post=49541"}],"version-history":[{"count":0,"href":"https:\/\/alzira.es\/es\/wp-json\/wp\/v2\/posts\/49541\/revisions"}],"wp:featuredmedia":[{"embeddable":true,"href":"https:\/\/alzira.es\/es\/wp-json\/wp\/v2\/media\/49534"}],"wp:attachment":[{"href":"https:\/\/alzira.es\/es\/wp-json\/wp\/v2\/media?parent=49541"}],"wp:term":[{"taxonomy":"category","embeddable":true,"href":"https:\/\/alzira.es\/es\/wp-json\/wp\/v2\/categories?post=49541"},{"taxonomy":"post_tag","embeddable":true,"href":"https:\/\/alzira.es\/es\/wp-json\/wp\/v2\/tags?post=49541"}],"curies":[{"name":"wp","href":"https:\/\/api.w.org\/{rel}","templated":true}]}}