{"id":49518,"date":"2020-05-21T10:47:14","date_gmt":"2020-05-21T08:47:14","guid":{"rendered":"https:\/\/alzira.es\/reciclatge-a-alzira-mesos-confinament-3\/"},"modified":"2020-05-21T10:47:14","modified_gmt":"2020-05-21T08:47:14","slug":"reciclatge-a-alzira-mesos-confinament-3","status":"publish","type":"post","link":"https:\/\/alzira.es\/es\/reciclatge-a-alzira-mesos-confinament-3\/","title":{"rendered":"Alzira recicla en els mesos de confinament m\u00e9s de 17.000 quilos d&#8217;envasos lleugers respecte al mateix per\u00edode de l&#8217;any anterior"},"content":{"rendered":"<p style=\"text-align: justify;\">El passat 17 de maig es celebra el Dia Mundial del Reciclatge, establert de manera oficial des del 2005 per l&#8217;Organitzaci\u00f3 de les Nacions Unides per a l&#8217;Educaci\u00f3, la Ci\u00e8ncia i la Cultura (UNESCO). Cada any esta data ha anat fent-se m\u00e9s popular i amb una finalitat clara: conscienciar en la necessitat de reciclar, un h\u00e0bit que els alzirenys tenim assumit tal i com ho demostren les dates d&#8217;arreplegada d&#8217;envasos lleugers i cart\u00f3 al llarg dels mesos de mar\u00e7 i abril de 2020.<\/p>\n<p style=\"text-align: justify;\">En concret en mar\u00e7 d&#8217;enguany s&#8217;han arreplegat 42.180 quilos d&#8217;envasos lleugers, mentre que a l&#8217;abril foren 42.780 quilos, experimentant un increment de 17.280 quilos amb respecte el mateix per\u00edode de l&#8217;any anterior, la qual cosa significa la conscienciaci\u00f3 de la ciutadania amb el reciclatge en ple estat d&#8217;alarma i confinament contribuint a l&#8217;augment dels quilos d&#8217;envasos lleugers dipositats als contenidors.<\/p>\n<p style=\"text-align: justify;\">Pel que respecta al cart\u00f3 en mar\u00e7 2020 s&#8217;han recollit 41.610 quilos als contenidors, als que cal sumar els 7.740 del servici d&#8217;arreplega porta a porta dels comer\u00e7os, donant un total de 49.350 quilos. En este cas hi hagut una menor recollida de quilos de cart\u00f3 respecte als mateixos mesos de l&#8217;any anterior, ja que l&#8217;estat d&#8217;alarma decretava el tancament dels comer\u00e7os que s\u00f3n els que m\u00e9s quilos de cart\u00f3 generen.<\/p>\n<p style=\"text-align: justify;\"><strong>Fernando Pascual<\/strong>, regidor de Serveis Urbans, valora positivament les xifres de recollida d&#8217;envasos lleugers i cart\u00f3 que cal analitzar-les per separat. <em>\u00abA pesar del confinament la ciutadania ha estat compromesa en la tasca de reciclar envasos lleugers, d&#8217;ah\u00ed l&#8217;augment global dels mesos de mar\u00e7 i abril respecte als de l&#8217;any 2019. En quan a cart\u00f3 la disminuci\u00f3 \u00e9s l\u00f2gica per la baixada de les persianes del comer\u00e7, una de les mesures de l&#8217;estat d&#8217;alarma per tal de fer front a la pand\u00e8mia mundial de la Covid-19 \u00ab<\/em>.<\/p>\n<p style=\"text-align: justify;\">Al llarg del per\u00edode de confinament hem comprovat com la qualitat de l&#8217;aire d&#8217;Alzira i la salut del planeta en general han millorat en tant sols unes setmanes. Se&#8217;ns dubte, la m\u00e0 de l&#8217;home interfereix tant en el canvi clim\u00e0tic com en l&#8217;aparici\u00f3 de nous virus i malalties, tal i com ho manifesten reputats bi\u00f2legs i l&#8217;Organitzaci\u00f3 Mundial de la Salut.<\/p>\n<p style=\"text-align: justify;\"><em>\u00abEl reciclatge ajuda a combatre malalties contagioses a trav\u00e9s de la seua influ\u00e8ncia en la mitigaci\u00f3 dels efectes del canvi clim\u00e0tic, i a protegir el nostre planeta i els seus espais naturals i la seua biodiversitat, a m\u00e9s de contribuir a viure en una ciutat m\u00e9s neta i saludable, per esta ra\u00f3 anime al ve\u00efnat d&#8217;Alzira a seguir la t\u00f2nica de conscienciaci\u00f3 ascendent del reciclatge al nostre municipi \u00ab<\/em>, segons el regidor.<\/p>\n<p style=\"text-align: center;\"><a class=\"jcepopup\" href=\"https:\/\/alzira.es\/wp-content\/uploads\/2020\/05\/reciclatge_a_Alzira_mesos_confinament-20200521-WA0005.jpg\" target=\"_blank\" rel=\"noopener\"><img fetchpriority=\"high\" decoding=\"async\" class=\" size-full wp-image-49501\" src=\"https:\/\/alzira.es\/wp-content\/uploads\/2020\/05\/reciclatge_a_Alzira_mesos_confinament-20200521-WA0005.jpg\" alt=\"reciclatge a Alzira mesos confinament-20200521-WA0005\" width=\"600\" height=\"450\" srcset=\"https:\/\/alzira.es\/wp-content\/uploads\/2020\/05\/reciclatge_a_Alzira_mesos_confinament-20200521-WA0005.jpg 2048w, https:\/\/alzira.es\/wp-content\/uploads\/2020\/05\/reciclatge_a_Alzira_mesos_confinament-20200521-WA0005-680x510.jpg 680w, https:\/\/alzira.es\/wp-content\/uploads\/2020\/05\/reciclatge_a_Alzira_mesos_confinament-20200521-WA0005-1430x1072.jpg 1430w, https:\/\/alzira.es\/wp-content\/uploads\/2020\/05\/reciclatge_a_Alzira_mesos_confinament-20200521-WA0005-768x576.jpg 768w, https:\/\/alzira.es\/wp-content\/uploads\/2020\/05\/reciclatge_a_Alzira_mesos_confinament-20200521-WA0005-1536x1152.jpg 1536w\" sizes=\"(max-width: 600px) 100vw, 600px\" \/><\/a>&nbsp;<a class=\"jcepopup\" style=\"text-align: center;\" type=\"image\" href=\"https:\/\/alzira.es\/wp-content\/uploads\/2020\/05\/reciclatge_a_Alzira_mesos_confinament_20200521_102021.jpg\" target=\"_blank\" rel=\"noopener\"><img decoding=\"async\" class=\"size-full wp-image-49503 lazyload\" data-src=\"https:\/\/alzira.es\/wp-content\/uploads\/2020\/05\/reciclatge_a_Alzira_mesos_confinament_20200521_102021.jpg\" alt=\"reciclatge a Alzira mesos confinament 20200521 102021\" width=\"529\" height=\"450\" data-srcset=\"https:\/\/alzira.es\/wp-content\/uploads\/2020\/05\/reciclatge_a_Alzira_mesos_confinament_20200521_102021.jpg 1806w, https:\/\/alzira.es\/wp-content\/uploads\/2020\/05\/reciclatge_a_Alzira_mesos_confinament_20200521_102021-600x510.jpg 600w, https:\/\/alzira.es\/wp-content\/uploads\/2020\/05\/reciclatge_a_Alzira_mesos_confinament_20200521_102021-1260x1072.jpg 1260w, https:\/\/alzira.es\/wp-content\/uploads\/2020\/05\/reciclatge_a_Alzira_mesos_confinament_20200521_102021-768x653.jpg 768w, https:\/\/alzira.es\/wp-content\/uploads\/2020\/05\/reciclatge_a_Alzira_mesos_confinament_20200521_102021-1536x1306.jpg 1536w\" data-sizes=\"(max-width: 529px) 100vw, 529px\" src=\"data:image\/svg+xml;base64,PHN2ZyB3aWR0aD0iMSIgaGVpZ2h0PSIxIiB4bWxucz0iaHR0cDovL3d3dy53My5vcmcvMjAwMC9zdmciPjwvc3ZnPg==\" style=\"--smush-placeholder-width: 529px; --smush-placeholder-aspect-ratio: 529\/450;\" \/><\/a><\/p>\n","protected":false},"excerpt":{"rendered":"<p>El passat 17 de maig es celebra el Dia Mundial del Reciclatge, establert de manera oficial des del 2005 per l&#8217;Organitzaci\u00f3 de les Nacions Unides per a l&#8217;Educaci\u00f3, la Ci\u00e8ncia i la Cultura (UNESCO). Cada any esta data ha anat fent-se m\u00e9s popular i amb una finalitat clara: conscienciar en la necessitat de reciclar, un &hellip; <\/p>\n<p class=\"link-more\"><a href=\"https:\/\/alzira.es\/es\/reciclatge-a-alzira-mesos-confinament-3\/\" class=\"more-link\">Continuar leyendo<span class=\"screen-reader-text\"> \u00abAlzira recicla en els mesos de confinament m\u00e9s de 17.000 quilos d&#8217;envasos lleugers respecte al mateix per\u00edode de l&#8217;any anterior\u00bb<\/span><\/a><\/p>\n","protected":false},"author":29,"featured_media":49501,"comment_status":"","ping_status":"","sticky":false,"template":"","format":"standard","meta":{"_acf_changed":false,"footnotes":""},"categories":[],"tags":[],"class_list":["post-49518","post","type-post","status-publish","format-standard","has-post-thumbnail","hentry"],"acf":[],"_links":{"self":[{"href":"https:\/\/alzira.es\/es\/wp-json\/wp\/v2\/posts\/49518","targetHints":{"allow":["GET"]}}],"collection":[{"href":"https:\/\/alzira.es\/es\/wp-json\/wp\/v2\/posts"}],"about":[{"href":"https:\/\/alzira.es\/es\/wp-json\/wp\/v2\/types\/post"}],"author":[{"embeddable":true,"href":"https:\/\/alzira.es\/es\/wp-json\/wp\/v2\/users\/29"}],"replies":[{"embeddable":true,"href":"https:\/\/alzira.es\/es\/wp-json\/wp\/v2\/comments?post=49518"}],"version-history":[{"count":0,"href":"https:\/\/alzira.es\/es\/wp-json\/wp\/v2\/posts\/49518\/revisions"}],"wp:featuredmedia":[{"embeddable":true,"href":"https:\/\/alzira.es\/es\/wp-json\/wp\/v2\/media\/49501"}],"wp:attachment":[{"href":"https:\/\/alzira.es\/es\/wp-json\/wp\/v2\/media?parent=49518"}],"wp:term":[{"taxonomy":"category","embeddable":true,"href":"https:\/\/alzira.es\/es\/wp-json\/wp\/v2\/categories?post=49518"},{"taxonomy":"post_tag","embeddable":true,"href":"https:\/\/alzira.es\/es\/wp-json\/wp\/v2\/tags?post=49518"}],"curies":[{"name":"wp","href":"https:\/\/api.w.org\/{rel}","templated":true}]}}