{"id":49517,"date":"2020-05-22T09:26:17","date_gmt":"2020-05-22T07:26:17","guid":{"rendered":"https:\/\/alzira.es\/video-informatiu-del-ceip-lluis-vives\/"},"modified":"2020-05-22T09:26:17","modified_gmt":"2020-05-22T07:26:17","slug":"video-informatiu-del-ceip-lluis-vives","status":"publish","type":"post","link":"https:\/\/alzira.es\/es\/video-informatiu-del-ceip-lluis-vives\/","title":{"rendered":"V\u00eddeo informatiu del CEIP Llu\u00eds Vives"},"content":{"rendered":"<p><img fetchpriority=\"high\" decoding=\"async\" width=\"799\" height=\"148\" class=\" size-full wp-image-2447\" src=\"https:\/\/alzira.es\/wp-content\/uploads\/2009\/05\/Lluis-Vives.jpg\" alt=\"Llu\u00eds Vives\" srcset=\"https:\/\/alzira.es\/wp-content\/uploads\/2009\/05\/Lluis-Vives.jpg 799w, https:\/\/alzira.es\/wp-content\/uploads\/2009\/05\/Lluis-Vives-680x126.jpg 680w, https:\/\/alzira.es\/wp-content\/uploads\/2009\/05\/Lluis-Vives-768x142.jpg 768w\" sizes=\"(max-width: 706px) 89vw, (max-width: 767px) 82vw, 740px\" \/><\/p>\n<p>El CEIP Llu\u00eds Vives ha preparat un v\u00eddeo per a informar les fam\u00edlies sobre el centre educatiu.<\/p>\n<p>Pot consultar esta informaci\u00f3, consultant el seg\u00fcent enlla\u00e7:&nbsp;<a style=\"font-family: Arial, sans-serif; font-size: 10.5pt;\" href=\"http:\/\/ceiplluisvivesalzira.edu.gva.es\" target=\"_blank\" rel=\"noopener\">http:\/\/ceiplluisvivesalzira.edu.gva.es<\/a><\/p>\n<p><span style=\"font-size: 10.5pt; font-family: Arial, sans-serif;\"> <br \/> <\/span><\/p>\n<p>&nbsp;<\/p>\n","protected":false},"excerpt":{"rendered":"<p>El CEIP Llu\u00eds Vives ha preparat un v\u00eddeo per a informar les fam\u00edlies sobre el centre educatiu. Pot consultar esta informaci\u00f3, consultant el seg\u00fcent enlla\u00e7:&nbsp;http:\/\/ceiplluisvivesalzira.edu.gva.es &nbsp;<\/p>\n","protected":false},"author":20,"featured_media":2447,"comment_status":"","ping_status":"","sticky":false,"template":"","format":"standard","meta":{"_acf_changed":false,"footnotes":""},"categories":[],"tags":[],"class_list":["post-49517","post","type-post","status-publish","format-standard","has-post-thumbnail","hentry"],"acf":[],"_links":{"self":[{"href":"https:\/\/alzira.es\/es\/wp-json\/wp\/v2\/posts\/49517","targetHints":{"allow":["GET"]}}],"collection":[{"href":"https:\/\/alzira.es\/es\/wp-json\/wp\/v2\/posts"}],"about":[{"href":"https:\/\/alzira.es\/es\/wp-json\/wp\/v2\/types\/post"}],"author":[{"embeddable":true,"href":"https:\/\/alzira.es\/es\/wp-json\/wp\/v2\/users\/20"}],"replies":[{"embeddable":true,"href":"https:\/\/alzira.es\/es\/wp-json\/wp\/v2\/comments?post=49517"}],"version-history":[{"count":0,"href":"https:\/\/alzira.es\/es\/wp-json\/wp\/v2\/posts\/49517\/revisions"}],"wp:featuredmedia":[{"embeddable":true,"href":"https:\/\/alzira.es\/es\/wp-json\/wp\/v2\/media\/2447"}],"wp:attachment":[{"href":"https:\/\/alzira.es\/es\/wp-json\/wp\/v2\/media?parent=49517"}],"wp:term":[{"taxonomy":"category","embeddable":true,"href":"https:\/\/alzira.es\/es\/wp-json\/wp\/v2\/categories?post=49517"},{"taxonomy":"post_tag","embeddable":true,"href":"https:\/\/alzira.es\/es\/wp-json\/wp\/v2\/tags?post=49517"}],"curies":[{"name":"wp","href":"https:\/\/api.w.org\/{rel}","templated":true}]}}