{"id":49514,"date":"2020-05-21T10:52:41","date_gmt":"2020-05-21T08:52:41","guid":{"rendered":"https:\/\/alzira.es\/sepe-agricola-2\/"},"modified":"2020-05-21T10:52:41","modified_gmt":"2020-05-21T08:52:41","slug":"sepe-agricola-2","status":"publish","type":"post","link":"https:\/\/alzira.es\/es\/sepe-agricola-2\/","title":{"rendered":"L\u2019Ajuntament d\u2019Alzira, a trav\u00e9s d\u2019IDEA obri el termini de presentaci\u00f3 de sol\u00b7licituds \u201cSEPE AGR\u00cdCOLA 2020\u201d, del 25 de maig al 12 de juny de 2020."},"content":{"rendered":"<p style=\"text-align: justify;\">Aquest programa de foment d&#8217;ocupaci\u00f3 s&#8217;executa dins del marc de Col\u00b7laboraci\u00f3 amb el Servei P\u00fablic d&#8217;Ocupaci\u00f3 Estatal (SEPE), destinat a pal\u00b7liar la desocupaci\u00f3 agr\u00edcola estacional amb la finalitat de garantir als treballadors desocupats del r\u00e8gim agrari un complement de renda.<\/p>\n<p style=\"text-align: justify;\"><strong>El proc\u00e9s selectiu s&#8217;iniciar\u00e0 a trav\u00e9s d&#8217;Oferta d&#8217;Ocupaci\u00f3 presentada en el corresponent Centre LABORA<\/strong>.<\/p>\n<p style=\"text-align: justify;\">En la selecci\u00f3 podran participar aquells\/es treballadors\/es que, reunint tots els requisits, apareguen en aquesta oferta o que presenten la seua sol\u00b7licitud al <em>\u00abpunt de registre habilitat en IDEA\u00bb<\/em>. Per presentar la sol\u00b7licitud a IDEA sols es podr\u00e0 fer amb cita pr\u00e8via, <em>enviant \u00abcita pr\u00e8via\u00bb al 672 11 49 50<\/em> o <em>telefonant al 96 245 51 01<\/em>. S&#8217;acudir\u00e0 a la cita sol i amb mascareta.<\/p>\n<p style=\"text-align: justify; margin-left: 30px;\"><strong>Requisits:<\/strong><\/p>\n<p style=\"text-align: justify; margin-left: 60px;\">1.- Estar inscrit\/a en LABORA com a Aturat\/da del Sistema Especial Agrari integrat en el R\u00e8gim General de la Seguretat Social (SEA) abans del 22 de maig de 2020.<\/p>\n<p style=\"text-align: justify; margin-left: 60px;\">2.- Acreditar la condici\u00f3 de treballador agrari. Aquesta circumst\u00e0ncia s&#8217;acreditar\u00e0 amb la presentaci\u00f3 de qualsevol dels documents seg\u00fcents:<\/p>\n<p style=\"text-align: justify; margin-left: 90px;\">&#8211; Informe de Vida Laboral. En ell haur\u00e0 d&#8217;apar\u00e9ixer, com a m\u00ednim 3 mesos, en situaci\u00f3 d&#8217;alta en el Sistema Especial Agrari integrat en el R\u00e8gim General de la Seguretat Social (SEA).<\/p>\n<p style=\"text-align: justify; margin-left: 90px;\">&#8211; Mitjan\u00e7ant presentaci\u00f3 de 3 cupons pagats.<\/p>\n<p style=\"text-align: justify; margin-left: 90px;\">&#8211; Presentant el Certificat d&#8217;empresa, referit als \u00faltims 12 mesos immediatament anteriors a la data de finalitzaci\u00f3 del termini de presentaci\u00f3 de sol\u00b7licituds.<\/p>\n<p style=\"text-align: justify; margin-left: 90px;\">&#8211; 3 n\u00f2mines que acrediten haver treballat en el r\u00e8gim especial agrari.<\/p>\n<p style=\"text-align: justify;\"><em>(Qualsevol que siga el document que es presente, entre els quatre indicats, a l&#8217;efecte d&#8217;acreditar la condici\u00f3 d&#8217;agrari, haur\u00e0 d&#8217;evidenciar que almenys un mes dels que acredita estar d&#8217;alta en el SEA, est\u00e0 incl\u00f2s dins dels 9 mesos anteriors).<\/em><\/p>\n<p style=\"text-align: center;\"><img fetchpriority=\"high\" decoding=\"async\" width=\"940\" height=\"788\" class=\" size-full wp-image-49509\" src=\"https:\/\/alzira.es\/wp-content\/uploads\/2020\/05\/SEPE_Agricola.jpg\" alt=\"SEPE Agr\u00edcola\" srcset=\"https:\/\/alzira.es\/wp-content\/uploads\/2020\/05\/SEPE_Agricola.jpg 940w, https:\/\/alzira.es\/wp-content\/uploads\/2020\/05\/SEPE_Agricola-608x510.jpg 608w, https:\/\/alzira.es\/wp-content\/uploads\/2020\/05\/SEPE_Agricola-768x644.jpg 768w\" sizes=\"(max-width: 706px) 89vw, (max-width: 767px) 82vw, 740px\" \/><\/p>\n","protected":false},"excerpt":{"rendered":"<p>Aquest programa de foment d&#8217;ocupaci\u00f3 s&#8217;executa dins del marc de Col\u00b7laboraci\u00f3 amb el Servei P\u00fablic d&#8217;Ocupaci\u00f3 Estatal (SEPE), destinat a pal\u00b7liar la desocupaci\u00f3 agr\u00edcola estacional amb la finalitat de garantir als treballadors desocupats del r\u00e8gim agrari un complement de renda. El proc\u00e9s selectiu s&#8217;iniciar\u00e0 a trav\u00e9s d&#8217;Oferta d&#8217;Ocupaci\u00f3 presentada en el corresponent Centre LABORA. En &hellip; <\/p>\n<p class=\"link-more\"><a href=\"https:\/\/alzira.es\/es\/sepe-agricola-2\/\" class=\"more-link\">Continuar leyendo<span class=\"screen-reader-text\"> \u00abL\u2019Ajuntament d\u2019Alzira, a trav\u00e9s d\u2019IDEA obri el termini de presentaci\u00f3 de sol\u00b7licituds \u201cSEPE AGR\u00cdCOLA 2020\u201d, del 25 de maig al 12 de juny de 2020.\u00bb<\/span><\/a><\/p>\n","protected":false},"author":29,"featured_media":49509,"comment_status":"","ping_status":"","sticky":false,"template":"","format":"standard","meta":{"_acf_changed":false,"footnotes":""},"categories":[],"tags":[],"class_list":["post-49514","post","type-post","status-publish","format-standard","has-post-thumbnail","hentry"],"acf":[],"_links":{"self":[{"href":"https:\/\/alzira.es\/es\/wp-json\/wp\/v2\/posts\/49514","targetHints":{"allow":["GET"]}}],"collection":[{"href":"https:\/\/alzira.es\/es\/wp-json\/wp\/v2\/posts"}],"about":[{"href":"https:\/\/alzira.es\/es\/wp-json\/wp\/v2\/types\/post"}],"author":[{"embeddable":true,"href":"https:\/\/alzira.es\/es\/wp-json\/wp\/v2\/users\/29"}],"replies":[{"embeddable":true,"href":"https:\/\/alzira.es\/es\/wp-json\/wp\/v2\/comments?post=49514"}],"version-history":[{"count":0,"href":"https:\/\/alzira.es\/es\/wp-json\/wp\/v2\/posts\/49514\/revisions"}],"wp:featuredmedia":[{"embeddable":true,"href":"https:\/\/alzira.es\/es\/wp-json\/wp\/v2\/media\/49509"}],"wp:attachment":[{"href":"https:\/\/alzira.es\/es\/wp-json\/wp\/v2\/media?parent=49514"}],"wp:term":[{"taxonomy":"category","embeddable":true,"href":"https:\/\/alzira.es\/es\/wp-json\/wp\/v2\/categories?post=49514"},{"taxonomy":"post_tag","embeddable":true,"href":"https:\/\/alzira.es\/es\/wp-json\/wp\/v2\/tags?post=49514"}],"curies":[{"name":"wp","href":"https:\/\/api.w.org\/{rel}","templated":true}]}}