{"id":49512,"date":"2020-05-21T10:52:41","date_gmt":"2020-05-21T08:52:41","guid":{"rendered":"https:\/\/alzira.es\/sepe-agricola\/"},"modified":"2020-05-21T10:52:41","modified_gmt":"2020-05-21T08:52:41","slug":"sepe-agricola","status":"publish","type":"post","link":"https:\/\/alzira.es\/es\/sepe-agricola\/","title":{"rendered":"El Ayuntamiento de Alzira, a trav\u00e9s de IDEA abre el plazo de presentaci\u00f3n de solicitudes \u201cSEPE AGR\u00cdCOLA 2020\u201d, del 25 de mayo al 12 de junio de 2020."},"content":{"rendered":"<p style=\"text-align: justify;\">Este programa de fomento de ocupaci\u00f3n se ejecuta dentro del marco de Colaboraci\u00f3n con el Servicio P\u00fablico de Ocupaci\u00f3n Estatal (SEPE), destinado a paliar la desocupaci\u00f3n agr\u00edcola estacional con el fin de garantizar a los trabajadores desocupados del r\u00e9gimen agrario un complemento de renta.<\/p>\n<p><strong>El proceso selectivo se iniciar\u00e1 a trav\u00e9s de Oferta de Ocupaci\u00f3n presentada en el correspondiente Centro LABORA<\/strong>.<\/p>\n<p>En la selecci\u00f3n podr\u00e1n participar aquellos\/as trabajadores\/as que, reuniendo todos los requisitos, aparezcan en esta oferta o que presentan su solicitud al <em>\u00abpunto de registro habilitado en IDEA\u00bb<\/em>. Para presentar la solicitud a IDEA solos se podr\u00e1 hacer con cita previa, <em>enviando \u00abcita previa\u00bb al 672 11 49 50 o telefoneando al 96 245 51 01<\/em>. Se acudir\u00e1 a la cita solo y con mascarilla.<\/p>\n<p><strong>Requisitos:<\/strong><\/p>\n<p>1.- Estar inscrito\/a en LABORA como Parado\/da del Sistema Especial Agrario integrado en el R\u00e9gimen General de la Seguridad Social (SEA) antes del 22 de mayo de 2020.<\/p>\n<p>2.- Acreditar la condici\u00f3n de trabajador agrario. Esta circunstancia se acreditar\u00e1 con la presentaci\u00f3n de cualquier de los documentos siguientes:<\/p>\n<p>&#8211; Informe de Vida Laboral. En \u00e9l tendr\u00e1 que aparecer, como m\u00ednimo 3 meses, en situaci\u00f3n de alta en el Sistema Especial Agrario integrado en el R\u00e9gimen General de la Seguridad Social (SEA).<\/p>\n<p>&#8211; Mediante presentaci\u00f3n de 3 cupones pagados.<\/p>\n<p>&#8211; Presentando el Certificado de empresa, referido a los \u00faltimos 12 meses inmediatamente anteriores a la fecha de finalizaci\u00f3n del plazo de presentaci\u00f3n de solicitudes.<\/p>\n<p>&#8211; 3 n\u00f3minas que acreditan haber trabajado en el r\u00e9gimen especial agrario.<\/p>\n<p><em>(Cualquier que sea el documento que se presente, entre los cuatro indicados, a efectos de acreditar la condici\u00f3n de agrario, tendr\u00e1 que evidenciar que al menos un mes de los que acredita estar de alta en el SEA, est\u00e1 incluido dentro de los 9 meses anteriores)<\/em>.<\/p>\n<p style=\"text-align: center;\"><img fetchpriority=\"high\" decoding=\"async\" width=\"940\" height=\"788\" class=\" size-full wp-image-49509\" src=\"https:\/\/alzira.es\/wp-content\/uploads\/2020\/05\/SEPE_Agricola.jpg\" alt=\"SEPE Agr\u00edcola\" srcset=\"https:\/\/alzira.es\/wp-content\/uploads\/2020\/05\/SEPE_Agricola.jpg 940w, https:\/\/alzira.es\/wp-content\/uploads\/2020\/05\/SEPE_Agricola-608x510.jpg 608w, https:\/\/alzira.es\/wp-content\/uploads\/2020\/05\/SEPE_Agricola-768x644.jpg 768w\" sizes=\"(max-width: 706px) 89vw, (max-width: 767px) 82vw, 740px\" \/><\/p>\n","protected":false},"excerpt":{"rendered":"<p>Este programa de fomento de ocupaci\u00f3n se ejecuta dentro del marco de Colaboraci\u00f3n con el Servicio P\u00fablico de Ocupaci\u00f3n Estatal (SEPE), destinado a paliar la desocupaci\u00f3n agr\u00edcola estacional con el fin de garantizar a los trabajadores desocupados del r\u00e9gimen agrario un complemento de renta. El proceso selectivo se iniciar\u00e1 a trav\u00e9s de Oferta de Ocupaci\u00f3n &hellip; <\/p>\n<p class=\"link-more\"><a href=\"https:\/\/alzira.es\/es\/sepe-agricola\/\" class=\"more-link\">Continuar leyendo<span class=\"screen-reader-text\"> \u00abEl Ayuntamiento de Alzira, a trav\u00e9s de IDEA abre el plazo de presentaci\u00f3n de solicitudes \u201cSEPE AGR\u00cdCOLA 2020\u201d, del 25 de mayo al 12 de junio de 2020.\u00bb<\/span><\/a><\/p>\n","protected":false},"author":29,"featured_media":49509,"comment_status":"","ping_status":"","sticky":false,"template":"","format":"standard","meta":{"_acf_changed":false,"footnotes":""},"categories":[4936],"tags":[],"class_list":["post-49512","post","type-post","status-publish","format-standard","has-post-thumbnail","hentry","category-hemeroteca-es"],"acf":[],"_links":{"self":[{"href":"https:\/\/alzira.es\/es\/wp-json\/wp\/v2\/posts\/49512","targetHints":{"allow":["GET"]}}],"collection":[{"href":"https:\/\/alzira.es\/es\/wp-json\/wp\/v2\/posts"}],"about":[{"href":"https:\/\/alzira.es\/es\/wp-json\/wp\/v2\/types\/post"}],"author":[{"embeddable":true,"href":"https:\/\/alzira.es\/es\/wp-json\/wp\/v2\/users\/29"}],"replies":[{"embeddable":true,"href":"https:\/\/alzira.es\/es\/wp-json\/wp\/v2\/comments?post=49512"}],"version-history":[{"count":0,"href":"https:\/\/alzira.es\/es\/wp-json\/wp\/v2\/posts\/49512\/revisions"}],"wp:featuredmedia":[{"embeddable":true,"href":"https:\/\/alzira.es\/es\/wp-json\/wp\/v2\/media\/49509"}],"wp:attachment":[{"href":"https:\/\/alzira.es\/es\/wp-json\/wp\/v2\/media?parent=49512"}],"wp:term":[{"taxonomy":"category","embeddable":true,"href":"https:\/\/alzira.es\/es\/wp-json\/wp\/v2\/categories?post=49512"},{"taxonomy":"post_tag","embeddable":true,"href":"https:\/\/alzira.es\/es\/wp-json\/wp\/v2\/tags?post=49512"}],"curies":[{"name":"wp","href":"https:\/\/api.w.org\/{rel}","templated":true}]}}