{"id":49505,"date":"2020-05-21T10:47:14","date_gmt":"2020-05-21T08:47:14","guid":{"rendered":"https:\/\/alzira.es\/reciclatge-a-alzira-mesos-confinament\/"},"modified":"2020-05-21T10:47:14","modified_gmt":"2020-05-21T08:47:14","slug":"reciclatge-a-alzira-mesos-confinament","status":"publish","type":"post","link":"https:\/\/alzira.es\/es\/reciclatge-a-alzira-mesos-confinament\/","title":{"rendered":"Alzira recicla en los meses de confinamiento m\u00e1s de 17.000 kilos de envases ligeros respecto al mismo periodo del a\u00f1o anterior"},"content":{"rendered":"<p style=\"text-align: justify;\">El pasado 17 de mayo se celebra el D\u00eda Mundial del Reciclaje, establecido de manera oficial desde el 2005 por la Organizaci\u00f3n de las Naciones Unidas para la Educaci\u00f3n, la Ciencia y la Cultura (UNESCO). Cada a\u00f1o esta fecha ha ido siendo m\u00e1s popular y con una finalidad clara: concienciar en la necesidad de reciclar, un h\u00e1bito que los alzire\u00f1os tenemos asumido tal y como lo demuestran las fechas de recogida de envases ligeros y cart\u00f3n a lo largo de los meses de marzo y abril de 2020.<\/p>\n<p>En concreto en marzo de este a\u00f1o se han recogido 42.180 kilos de envases ligeros, mientras que en abril fueran 42.780 kilos, experimentando un incremento de 17.280 kilos con respeto el mismo periodo del a\u00f1o anterior, lo cual significa la concienciaci\u00f3n de la ciudadan\u00eda con el reciclaje en pleno estado de alarma y confinamiento contribuyendo al aumento de los kilos de envases ligeros depositados a los contenedores.<\/p>\n<p>Por lo que respecta al cart\u00f3n en marzo 2020 se han recogido 41.610 kilos a los contenedores, a los que hay que sumar los 7.740 del servicio de recogida lleva a puerta de los comercios, dando un total de 49.350 kilos. En este caso habido una menor recogida de kilos de cart\u00f3n respecto a los mismos meses del a\u00f1o anterior, puesto que el estado de alarma decretaba el cierre de los comercios que son los que m\u00e1s kilos de cart\u00f3n generan.<\/p>\n<p><strong>Fernando Pascual<\/strong>, regidor de Servicios Urbanos, valora positivamente las cifras de recogida de envases ligeros y cart\u00f3n que hay que analizarlas por separado. <em>\u00abA pesar del confinamiento la ciudadan\u00eda ha sido comprometida en la tarea de reciclar envases ligeros, de ah\u00ed el aumento global de los meses de marzo y abril respecto a los del a\u00f1o 2019. En cuanto a cart\u00f3n la disminuci\u00f3n es l\u00f3gica por la bajada de las persianas del comercio, una de las medidas del estado de alarma para hacer frente a la pandemia mundial de la Covid-19 \u00ab<\/em>.<\/p>\n<p>A lo largo del periodo de confinamiento hemos comprobado como la calidad del aire de Alzira y la salud del planeta en general han mejorado en tanto solo unas semanas. Sin duda, la mano del hombre interfiere tanto en el cambio clim\u00e1tico como en la aparici\u00f3n de nuevos virus y dolencias, tal y como lo manifiestan reputados bi\u00f3logos y la Organizaci\u00f3n Mundial de la Salud.<\/p>\n<p><em>\u00abEl reciclaje ayuda a combatir dolencias contagiosas a trav\u00e9s de su influencia en la mitigaci\u00f3n de los efectos del cambio clim\u00e1tico, y a proteger nuestro planeta y sus espacios naturales y su biodiversidad, adem\u00e1s de contribuir a vivir en una ciudad m\u00e1s limpia y saludable, por esta raz\u00f3n animo al vecindario de Alzira a seguir la t\u00f3nica de concienciaci\u00f3n ascendente del reciclaje en nuestro municipio \u00ab<\/em>, seg\u00fan el regidor.<\/p>\n<p style=\"text-align: center;\"><a class=\"jcepopup\" href=\"https:\/\/alzira.es\/wp-content\/uploads\/2020\/05\/reciclatge_a_Alzira_mesos_confinament-20200521-WA0005.jpg\" target=\"_blank\" rel=\"noopener\"><img fetchpriority=\"high\" decoding=\"async\" class=\" size-full wp-image-49501\" src=\"https:\/\/alzira.es\/wp-content\/uploads\/2020\/05\/reciclatge_a_Alzira_mesos_confinament-20200521-WA0005.jpg\" alt=\"reciclatge a Alzira mesos confinament-20200521-WA0005\" width=\"600\" height=\"450\" srcset=\"https:\/\/alzira.es\/wp-content\/uploads\/2020\/05\/reciclatge_a_Alzira_mesos_confinament-20200521-WA0005.jpg 2048w, https:\/\/alzira.es\/wp-content\/uploads\/2020\/05\/reciclatge_a_Alzira_mesos_confinament-20200521-WA0005-680x510.jpg 680w, https:\/\/alzira.es\/wp-content\/uploads\/2020\/05\/reciclatge_a_Alzira_mesos_confinament-20200521-WA0005-1430x1072.jpg 1430w, https:\/\/alzira.es\/wp-content\/uploads\/2020\/05\/reciclatge_a_Alzira_mesos_confinament-20200521-WA0005-768x576.jpg 768w, https:\/\/alzira.es\/wp-content\/uploads\/2020\/05\/reciclatge_a_Alzira_mesos_confinament-20200521-WA0005-1536x1152.jpg 1536w\" sizes=\"(max-width: 600px) 100vw, 600px\" \/><\/a>&nbsp;<a class=\"jcepopup\" style=\"text-align: center;\" type=\"image\" href=\"https:\/\/alzira.es\/wp-content\/uploads\/2020\/05\/reciclatge_a_Alzira_mesos_confinament_20200521_102021.jpg\" target=\"_blank\" rel=\"noopener\"><img decoding=\"async\" class=\"size-full wp-image-49503 lazyload\" data-src=\"https:\/\/alzira.es\/wp-content\/uploads\/2020\/05\/reciclatge_a_Alzira_mesos_confinament_20200521_102021.jpg\" alt=\"reciclatge a Alzira mesos confinament 20200521 102021\" width=\"529\" height=\"450\" data-srcset=\"https:\/\/alzira.es\/wp-content\/uploads\/2020\/05\/reciclatge_a_Alzira_mesos_confinament_20200521_102021.jpg 1806w, https:\/\/alzira.es\/wp-content\/uploads\/2020\/05\/reciclatge_a_Alzira_mesos_confinament_20200521_102021-600x510.jpg 600w, https:\/\/alzira.es\/wp-content\/uploads\/2020\/05\/reciclatge_a_Alzira_mesos_confinament_20200521_102021-1260x1072.jpg 1260w, https:\/\/alzira.es\/wp-content\/uploads\/2020\/05\/reciclatge_a_Alzira_mesos_confinament_20200521_102021-768x653.jpg 768w, https:\/\/alzira.es\/wp-content\/uploads\/2020\/05\/reciclatge_a_Alzira_mesos_confinament_20200521_102021-1536x1306.jpg 1536w\" data-sizes=\"(max-width: 529px) 100vw, 529px\" src=\"data:image\/svg+xml;base64,PHN2ZyB3aWR0aD0iMSIgaGVpZ2h0PSIxIiB4bWxucz0iaHR0cDovL3d3dy53My5vcmcvMjAwMC9zdmciPjwvc3ZnPg==\" style=\"--smush-placeholder-width: 529px; --smush-placeholder-aspect-ratio: 529\/450;\" \/><\/a><\/p>\n","protected":false},"excerpt":{"rendered":"<p>El pasado 17 de mayo se celebra el D\u00eda Mundial del Reciclaje, establecido de manera oficial desde el 2005 por la Organizaci\u00f3n de las Naciones Unidas para la Educaci\u00f3n, la Ciencia y la Cultura (UNESCO). Cada a\u00f1o esta fecha ha ido siendo m\u00e1s popular y con una finalidad clara: concienciar en la necesidad de reciclar, &hellip; <\/p>\n<p class=\"link-more\"><a href=\"https:\/\/alzira.es\/es\/reciclatge-a-alzira-mesos-confinament\/\" class=\"more-link\">Continuar leyendo<span class=\"screen-reader-text\"> \u00abAlzira recicla en los meses de confinamiento m\u00e1s de 17.000 kilos de envases ligeros respecto al mismo periodo del a\u00f1o anterior\u00bb<\/span><\/a><\/p>\n","protected":false},"author":29,"featured_media":49501,"comment_status":"","ping_status":"","sticky":false,"template":"","format":"standard","meta":{"_acf_changed":false,"footnotes":""},"categories":[4936],"tags":[],"class_list":["post-49505","post","type-post","status-publish","format-standard","has-post-thumbnail","hentry","category-hemeroteca-es"],"acf":[],"_links":{"self":[{"href":"https:\/\/alzira.es\/es\/wp-json\/wp\/v2\/posts\/49505","targetHints":{"allow":["GET"]}}],"collection":[{"href":"https:\/\/alzira.es\/es\/wp-json\/wp\/v2\/posts"}],"about":[{"href":"https:\/\/alzira.es\/es\/wp-json\/wp\/v2\/types\/post"}],"author":[{"embeddable":true,"href":"https:\/\/alzira.es\/es\/wp-json\/wp\/v2\/users\/29"}],"replies":[{"embeddable":true,"href":"https:\/\/alzira.es\/es\/wp-json\/wp\/v2\/comments?post=49505"}],"version-history":[{"count":0,"href":"https:\/\/alzira.es\/es\/wp-json\/wp\/v2\/posts\/49505\/revisions"}],"wp:featuredmedia":[{"embeddable":true,"href":"https:\/\/alzira.es\/es\/wp-json\/wp\/v2\/media\/49501"}],"wp:attachment":[{"href":"https:\/\/alzira.es\/es\/wp-json\/wp\/v2\/media?parent=49505"}],"wp:term":[{"taxonomy":"category","embeddable":true,"href":"https:\/\/alzira.es\/es\/wp-json\/wp\/v2\/categories?post=49505"},{"taxonomy":"post_tag","embeddable":true,"href":"https:\/\/alzira.es\/es\/wp-json\/wp\/v2\/tags?post=49505"}],"curies":[{"name":"wp","href":"https:\/\/api.w.org\/{rel}","templated":true}]}}