{"id":49499,"date":"2020-05-20T11:04:53","date_gmt":"2020-05-20T09:04:53","guid":{"rendered":"https:\/\/alzira.es\/np-muma-exposicio-salvador-ausina-2\/"},"modified":"2020-05-20T11:04:53","modified_gmt":"2020-05-20T09:04:53","slug":"np-muma-exposicio-salvador-ausina-2","status":"publish","type":"post","link":"https:\/\/alzira.es\/es\/np-muma-exposicio-salvador-ausina-2\/","title":{"rendered":"El MUMA acull l\u2019exposici\u00f3 \u2018Obra pict\u00f2rica de Salvador Ausina\u2019"},"content":{"rendered":"<p style=\"text-align: justify;\"><strong>Les sales temporals del MUMA acullen dues exposicions pict\u00f2riques<\/strong>. A una de les sales es pot veure l&#8217;exposici\u00f3 <strong>\u00abObra Pict\u00f2rica de Salvador Ausina\u00bb<\/strong> amb pintures a l&#8217;oli i aquarel\u00b7les de l&#8217;artista local. Per altra banda, a l&#8217;altra de les sales es pot gaudir d&#8217;una col\u00b7lecci\u00f3 de nombrosos pintors valencians dels segles XIX i XX, <strong>tals com Domingo Marqu\u00e9s<\/strong> (1842-1920), <strong>Ignacio Pinazo<\/strong> (1849-1916), <strong>Jos\u00e9 Miralles Darmani<\/strong> (1850-1900), <strong>Jos\u00e9 Benlliure<\/strong> (1855-1937), <strong>Jos\u00e9 Navarro Llorens<\/strong> (1867-1923), <strong>Teodoro andreu<\/strong> (1870-1935), <strong>Bartolom\u00e9 Mongrell<\/strong> (1879-1939), <strong>Roberto Domingo Fallola<\/strong> (1883-1956), <strong>Jos\u00e9 Segrelles<\/strong> (1885- 1969), <strong>Miguel Vaquer Calumarte<\/strong> (1910-1988), <strong>Juan Ribera Berenguer<\/strong> (1935-2016), <strong>Vicente Benito Botella<\/strong> (1954), entre altres.<\/p>\n<p style=\"text-align: justify;\">Ambdues exposicions no seran inaugurades a causa de la situaci\u00f3 generada per la Covid 19 i seguint amb les indicacions marcades per les autoritats sanit\u00e0ries. Estes mostres estan incloses dins del programa d&#8217;activitats amb motiu del Dia Internacional del Museu.<\/p>\n<p style=\"text-align: justify;\">Cal recordar que per a accedir al MUMA s&#8217;ha de seguir amb el protocol sanitari i de prevenci\u00f3, per eixe motiu s&#8217;ha d&#8217;entrar amb mascareta i guardar la dist\u00e0ncia social. A m\u00e9s s&#8217;ha restringit l&#8217;aforament m\u00e0xim del MUMA a 15 persones per planta i 5 per sala.<\/p>\n<p style=\"text-align: justify;\">La regidora de Patrimoni Cultural, <strong>Isabel Aguilar<\/strong>, ha destacat que <em>\u00abEl MUMA a poc a poc va tornant a la normalitat, sempre seguint les instruccions marcades per les autoritats a esta desescalada. Durant el confinament hem sigut conscients de la import\u00e0ncia del patrimoni i la cultura, com les persones ens hem nodrit per fer m\u00e9s suportable l&#8217;estan\u00e7a a casa. Ara \u00e9s el moment de tornar a gaudir dels nostres museus, dels nostres monuments, aix\u00f2 s\u00ed, sempre amb responsabilitat i adequant-nos a esta nova normalitat\u00bb<\/em>.<\/p>\n<p style=\"text-align: center;\"><a href=\"https:\/\/alzira.es\/wp-content\/uploads\/2020\/05\/NP-Muma-exposicio-Salvador-Ausina.MOV\" target=\"_blank\" rel=\"noopener\"><img fetchpriority=\"high\" decoding=\"async\" class=\" size-full wp-image-49489\" src=\"https:\/\/alzira.es\/wp-content\/uploads\/2020\/05\/NP_Muma_exposicio_Salvador_Ausina.png\" alt=\"NP Muma exposici\u00f3 Salvador Ausina\" width=\"668\" height=\"375\" srcset=\"https:\/\/alzira.es\/wp-content\/uploads\/2020\/05\/NP_Muma_exposicio_Salvador_Ausina.png 1920w, https:\/\/alzira.es\/wp-content\/uploads\/2020\/05\/NP_Muma_exposicio_Salvador_Ausina-680x383.png 680w, https:\/\/alzira.es\/wp-content\/uploads\/2020\/05\/NP_Muma_exposicio_Salvador_Ausina-1430x804.png 1430w, https:\/\/alzira.es\/wp-content\/uploads\/2020\/05\/NP_Muma_exposicio_Salvador_Ausina-768x432.png 768w, https:\/\/alzira.es\/wp-content\/uploads\/2020\/05\/NP_Muma_exposicio_Salvador_Ausina-1536x864.png 1536w\" sizes=\"(max-width: 668px) 100vw, 668px\" \/><\/a>&nbsp;<a class=\"jcepopup\" href=\"https:\/\/alzira.es\/wp-content\/uploads\/2020\/05\/NP_Muma_exposicio_Salvador_Ausina.jpeg\" target=\"_blank\" rel=\"noopener\"><img decoding=\"async\" class=\"size-full wp-image-49495 lazyload\" data-src=\"https:\/\/alzira.es\/wp-content\/uploads\/2020\/05\/NP_Muma_exposicio_Salvador_Ausina.jpeg\" alt=\"NP Muma exposici\u00f3 Salvador Ausina\" width=\"500\" height=\"375\" data-srcset=\"https:\/\/alzira.es\/wp-content\/uploads\/2020\/05\/NP_Muma_exposicio_Salvador_Ausina.jpeg 2016w, https:\/\/alzira.es\/wp-content\/uploads\/2020\/05\/NP_Muma_exposicio_Salvador_Ausina-680x510.jpeg 680w, https:\/\/alzira.es\/wp-content\/uploads\/2020\/05\/NP_Muma_exposicio_Salvador_Ausina-1430x1072.jpeg 1430w, https:\/\/alzira.es\/wp-content\/uploads\/2020\/05\/NP_Muma_exposicio_Salvador_Ausina-768x576.jpeg 768w, https:\/\/alzira.es\/wp-content\/uploads\/2020\/05\/NP_Muma_exposicio_Salvador_Ausina-1536x1152.jpeg 1536w\" data-sizes=\"(max-width: 500px) 100vw, 500px\" src=\"data:image\/svg+xml;base64,PHN2ZyB3aWR0aD0iMSIgaGVpZ2h0PSIxIiB4bWxucz0iaHR0cDovL3d3dy53My5vcmcvMjAwMC9zdmciPjwvc3ZnPg==\" style=\"--smush-placeholder-width: 500px; --smush-placeholder-aspect-ratio: 500\/375;\" \/><\/a><\/p>\n","protected":false},"excerpt":{"rendered":"<p>Les sales temporals del MUMA acullen dues exposicions pict\u00f2riques. A una de les sales es pot veure l&#8217;exposici\u00f3 \u00abObra Pict\u00f2rica de Salvador Ausina\u00bb amb pintures a l&#8217;oli i aquarel\u00b7les de l&#8217;artista local. Per altra banda, a l&#8217;altra de les sales es pot gaudir d&#8217;una col\u00b7lecci\u00f3 de nombrosos pintors valencians dels segles XIX i XX, tals &hellip; <\/p>\n<p class=\"link-more\"><a href=\"https:\/\/alzira.es\/es\/np-muma-exposicio-salvador-ausina-2\/\" class=\"more-link\">Continuar leyendo<span class=\"screen-reader-text\"> \u00abEl MUMA acull l\u2019exposici\u00f3 \u2018Obra pict\u00f2rica de Salvador Ausina\u2019\u00bb<\/span><\/a><\/p>\n","protected":false},"author":29,"featured_media":0,"comment_status":"","ping_status":"","sticky":false,"template":"","format":"standard","meta":{"_acf_changed":false,"footnotes":""},"categories":[],"tags":[],"class_list":["post-49499","post","type-post","status-publish","format-standard","hentry"],"acf":[],"_links":{"self":[{"href":"https:\/\/alzira.es\/es\/wp-json\/wp\/v2\/posts\/49499","targetHints":{"allow":["GET"]}}],"collection":[{"href":"https:\/\/alzira.es\/es\/wp-json\/wp\/v2\/posts"}],"about":[{"href":"https:\/\/alzira.es\/es\/wp-json\/wp\/v2\/types\/post"}],"author":[{"embeddable":true,"href":"https:\/\/alzira.es\/es\/wp-json\/wp\/v2\/users\/29"}],"replies":[{"embeddable":true,"href":"https:\/\/alzira.es\/es\/wp-json\/wp\/v2\/comments?post=49499"}],"version-history":[{"count":0,"href":"https:\/\/alzira.es\/es\/wp-json\/wp\/v2\/posts\/49499\/revisions"}],"wp:attachment":[{"href":"https:\/\/alzira.es\/es\/wp-json\/wp\/v2\/media?parent=49499"}],"wp:term":[{"taxonomy":"category","embeddable":true,"href":"https:\/\/alzira.es\/es\/wp-json\/wp\/v2\/categories?post=49499"},{"taxonomy":"post_tag","embeddable":true,"href":"https:\/\/alzira.es\/es\/wp-json\/wp\/v2\/tags?post=49499"}],"curies":[{"name":"wp","href":"https:\/\/api.w.org\/{rel}","templated":true}]}}