{"id":49487,"date":"2020-05-19T21:38:26","date_gmt":"2020-05-19T19:38:26","guid":{"rendered":"https:\/\/alzira.es\/dema-dimecres-s-obriran-la-pista-d-atletisme-i-el-circuit-de-cross-de-la-ciutat-esportiva-jorge-martinez-aspar-per-a-la-practica-de-l-esport-individual-2\/"},"modified":"2020-05-19T21:38:26","modified_gmt":"2020-05-19T19:38:26","slug":"dema-dimecres-s-obriran-la-pista-d-atletisme-i-el-circuit-de-cross-de-la-ciutat-esportiva-jorge-martinez-aspar-per-a-la-practica-de-l-esport-individual-2","status":"publish","type":"post","link":"https:\/\/alzira.es\/es\/dema-dimecres-s-obriran-la-pista-d-atletisme-i-el-circuit-de-cross-de-la-ciutat-esportiva-jorge-martinez-aspar-per-a-la-practica-de-l-esport-individual-2\/","title":{"rendered":"Dem\u00e0 dimecres s&#8217;obriran la pista d&#8217;Atletisme i el Circuit de Cross de la Ciutat Esportiva Jorge Mart\u00ednez Aspar per a la pr\u00e0ctica de l\u2019esport individual"},"content":{"rendered":"<p style=\"text-align: justify;\"><strong><em>\u00b7 Cal seguir les mesures de seguretat en tot el recinte que enregistrar\u00e0 control d&#8217;aforament<\/em><\/strong><\/p>\n<p style=\"text-align: justify;\">Seguim en l&#8217;estat d&#8217;alarma, per\u00f2 en la fase 1 de desescalada, la qual cosa ens permet poder obrir les portes del poliesportiu a l&#8217;aire lliure de Tulell. L&#8217;esfor\u00e7 col\u00b7lectiu que hem realitzat ens est\u00e0 permetent anar guanyant-li terreny a la Covid-19.<\/p>\n<p style=\"text-align: justify;\">Des del passat 2 de maig podem, atenint-nos a una s\u00e8rie de franges hor\u00e0ries, eixir a practicar esport de manera individual. Donem un pas m\u00e9s i des de dem\u00e0 dimecres 20 de maig podrem utilitzar, seguint unes mesures de seguretat i coordinaci\u00f3, la pista d&#8217;Atletisme i el Circuit de Cross de les instal\u00b7lacions esportives a l&#8217;aire lliure de la zona Tulell, amb un aforament de 110 persones en total en franges d&#8217;hora i mitja. Aix\u00ed els ho han traslladat l&#8217;alcalde, Diego G\u00f3mez, i el regidor d&#8217;Esports, Fernando Pascual, per v\u00eddeo confer\u00e8ncia als representants dels diversos clubs i escoles esportives de la ciutat d&#8217;Alzira.<\/p>\n<p style=\"text-align: justify;\">Cal recordar que des de fa dies, i per a que el recinte estiga en \u00f2ptimes condicions d&#8217;\u00fas, l&#8217;equip de professionals de manteniment de les zones esportives d&#8217;Alzira han realitzat les tasques de condicionament del recinte.<\/p>\n<p style=\"text-align: justify;\"><strong>Fernando Pascual<\/strong>, regidor d&#8217;Esports, es coneixedor de les ganes que mostren els usuaris en utilitzar el poliesportiu a l&#8217;aire lliure, per\u00f2 demana la col\u00b7laboraci\u00f3 de totes i tots per a seguir cada una de les mesures necess\u00e0ries per a evitar el contagi de la Covid-19. Per aix\u00f2 insta a ser cautelosos i acatar les normes, ara que amb ell canvi de fase, de la 0 a la 1, la Conselleria de Sanitat autoritzar\u00e0 l&#8217;obertura d&#8217;este tipus d&#8217;instal\u00b7lacions sense p\u00fablic, nom\u00e9s per a la pr\u00e0ctica de l&#8217;esport, i sense contacte f\u00edsic.<\/p>\n<p style=\"text-align: justify;\">L&#8217;horari d&#8217;obertura ser\u00e0 el seg\u00fcent: de dilluns a divendres, de 8 a 14 i de 17&#8217;30 a 22 hores; dissabte, de 8 a 14 i de 17&#8217;30 a 22 hores; i diumenges, de 8 a 14 hores.<\/p>\n<p style=\"text-align: justify;\"><em>\u00abLes instal\u00b7lacions esportives porten tancades dos mesos. Amb l&#8217;obertura del poliesportiu a l&#8217;aire lliure Jorge Mart\u00ednez Aspar donem un pas cap a la nova i desitjada nova normalitat\u00bb<\/em>, segons ha manifestat el regidor.<\/p>\n<p style=\"text-align: center;\"><a class=\"jcepopup\" href=\"https:\/\/alzira.es\/wp-content\/uploads\/2020\/05\/nota_esports_tulell_20200519_115036.jpg\" target=\"_blank\" rel=\"noopener\"><img fetchpriority=\"high\" decoding=\"async\" class=\" size-full wp-image-49475\" src=\"https:\/\/alzira.es\/wp-content\/uploads\/2020\/05\/nota_esports_tulell_20200519_115036.jpg\" alt=\"nota esports tulell 20200519 115036\" width=\"500\" height=\"225\" srcset=\"https:\/\/alzira.es\/wp-content\/uploads\/2020\/05\/nota_esports_tulell_20200519_115036.jpg 2016w, https:\/\/alzira.es\/wp-content\/uploads\/2020\/05\/nota_esports_tulell_20200519_115036-680x306.jpg 680w, https:\/\/alzira.es\/wp-content\/uploads\/2020\/05\/nota_esports_tulell_20200519_115036-1430x644.jpg 1430w, https:\/\/alzira.es\/wp-content\/uploads\/2020\/05\/nota_esports_tulell_20200519_115036-768x346.jpg 768w, https:\/\/alzira.es\/wp-content\/uploads\/2020\/05\/nota_esports_tulell_20200519_115036-1536x692.jpg 1536w\" sizes=\"(max-width: 500px) 100vw, 500px\" \/><\/a>&nbsp;<a class=\"jcepopup\" style=\"text-align: center;\" type=\"image\" href=\"https:\/\/alzira.es\/wp-content\/uploads\/2020\/05\/nota_esports_tulell_20200519_114812.jpg\" target=\"_blank\" rel=\"noopener\"><img decoding=\"async\" class=\"size-full wp-image-49478 lazyload\" data-src=\"https:\/\/alzira.es\/wp-content\/uploads\/2020\/05\/nota_esports_tulell_20200519_114812.jpg\" alt=\"nota esports tulell 20200519 114812\" width=\"500\" height=\"225\" data-srcset=\"https:\/\/alzira.es\/wp-content\/uploads\/2020\/05\/nota_esports_tulell_20200519_114812.jpg 2016w, https:\/\/alzira.es\/wp-content\/uploads\/2020\/05\/nota_esports_tulell_20200519_114812-680x306.jpg 680w, https:\/\/alzira.es\/wp-content\/uploads\/2020\/05\/nota_esports_tulell_20200519_114812-1430x644.jpg 1430w, https:\/\/alzira.es\/wp-content\/uploads\/2020\/05\/nota_esports_tulell_20200519_114812-768x346.jpg 768w, https:\/\/alzira.es\/wp-content\/uploads\/2020\/05\/nota_esports_tulell_20200519_114812-1536x692.jpg 1536w\" data-sizes=\"(max-width: 500px) 100vw, 500px\" src=\"data:image\/svg+xml;base64,PHN2ZyB3aWR0aD0iMSIgaGVpZ2h0PSIxIiB4bWxucz0iaHR0cDovL3d3dy53My5vcmcvMjAwMC9zdmciPjwvc3ZnPg==\" style=\"--smush-placeholder-width: 500px; --smush-placeholder-aspect-ratio: 500\/225;\" \/><\/a><\/p>\n<p style=\"text-align: center;\"><a class=\"jcepopup\" style=\"text-align: center;\" type=\"image\" href=\"https:\/\/alzira.es\/wp-content\/uploads\/2020\/05\/nota_esports_tulell_20200519-WA0017.jpg\" target=\"_blank\" rel=\"noopener\"><img decoding=\"async\" class=\"size-full wp-image-49481 lazyload\" data-src=\"https:\/\/alzira.es\/wp-content\/uploads\/2020\/05\/nota_esports_tulell_20200519-WA0017.jpg\" alt=\"nota esports tulell 20200519-WA0017\" width=\"1000\" height=\"750\" data-srcset=\"https:\/\/alzira.es\/wp-content\/uploads\/2020\/05\/nota_esports_tulell_20200519-WA0017.jpg 1600w, https:\/\/alzira.es\/wp-content\/uploads\/2020\/05\/nota_esports_tulell_20200519-WA0017-680x510.jpg 680w, https:\/\/alzira.es\/wp-content\/uploads\/2020\/05\/nota_esports_tulell_20200519-WA0017-1430x1072.jpg 1430w, https:\/\/alzira.es\/wp-content\/uploads\/2020\/05\/nota_esports_tulell_20200519-WA0017-768x576.jpg 768w, https:\/\/alzira.es\/wp-content\/uploads\/2020\/05\/nota_esports_tulell_20200519-WA0017-1536x1152.jpg 1536w\" data-sizes=\"(max-width: 706px) 89vw, (max-width: 767px) 82vw, 740px\" src=\"data:image\/svg+xml;base64,PHN2ZyB3aWR0aD0iMSIgaGVpZ2h0PSIxIiB4bWxucz0iaHR0cDovL3d3dy53My5vcmcvMjAwMC9zdmciPjwvc3ZnPg==\" style=\"--smush-placeholder-width: 1000px; --smush-placeholder-aspect-ratio: 1000\/750;\" \/><\/a><\/p>\n","protected":false},"excerpt":{"rendered":"<p>\u00b7 Cal seguir les mesures de seguretat en tot el recinte que enregistrar\u00e0 control d&#8217;aforament Seguim en l&#8217;estat d&#8217;alarma, per\u00f2 en la fase 1 de desescalada, la qual cosa ens permet poder obrir les portes del poliesportiu a l&#8217;aire lliure de Tulell. L&#8217;esfor\u00e7 col\u00b7lectiu que hem realitzat ens est\u00e0 permetent anar guanyant-li terreny a la &hellip; <\/p>\n<p class=\"link-more\"><a href=\"https:\/\/alzira.es\/es\/dema-dimecres-s-obriran-la-pista-d-atletisme-i-el-circuit-de-cross-de-la-ciutat-esportiva-jorge-martinez-aspar-per-a-la-practica-de-l-esport-individual-2\/\" class=\"more-link\">Continuar leyendo<span class=\"screen-reader-text\"> \u00abDem\u00e0 dimecres s&#8217;obriran la pista d&#8217;Atletisme i el Circuit de Cross de la Ciutat Esportiva Jorge Mart\u00ednez Aspar per a la pr\u00e0ctica de l\u2019esport individual\u00bb<\/span><\/a><\/p>\n","protected":false},"author":29,"featured_media":49475,"comment_status":"","ping_status":"","sticky":false,"template":"","format":"standard","meta":{"_acf_changed":false,"footnotes":""},"categories":[],"tags":[],"class_list":["post-49487","post","type-post","status-publish","format-standard","has-post-thumbnail","hentry"],"acf":[],"_links":{"self":[{"href":"https:\/\/alzira.es\/es\/wp-json\/wp\/v2\/posts\/49487","targetHints":{"allow":["GET"]}}],"collection":[{"href":"https:\/\/alzira.es\/es\/wp-json\/wp\/v2\/posts"}],"about":[{"href":"https:\/\/alzira.es\/es\/wp-json\/wp\/v2\/types\/post"}],"author":[{"embeddable":true,"href":"https:\/\/alzira.es\/es\/wp-json\/wp\/v2\/users\/29"}],"replies":[{"embeddable":true,"href":"https:\/\/alzira.es\/es\/wp-json\/wp\/v2\/comments?post=49487"}],"version-history":[{"count":0,"href":"https:\/\/alzira.es\/es\/wp-json\/wp\/v2\/posts\/49487\/revisions"}],"wp:featuredmedia":[{"embeddable":true,"href":"https:\/\/alzira.es\/es\/wp-json\/wp\/v2\/media\/49475"}],"wp:attachment":[{"href":"https:\/\/alzira.es\/es\/wp-json\/wp\/v2\/media?parent=49487"}],"wp:term":[{"taxonomy":"category","embeddable":true,"href":"https:\/\/alzira.es\/es\/wp-json\/wp\/v2\/categories?post=49487"},{"taxonomy":"post_tag","embeddable":true,"href":"https:\/\/alzira.es\/es\/wp-json\/wp\/v2\/tags?post=49487"}],"curies":[{"name":"wp","href":"https:\/\/api.w.org\/{rel}","templated":true}]}}