{"id":49484,"date":"2020-05-19T21:38:26","date_gmt":"2020-05-19T19:38:26","guid":{"rendered":"https:\/\/alzira.es\/dema-dimecres-s-obriran-la-pista-d-atletisme-i-el-circuit-de-cross-de-la-ciutat-esportiva-jorge-martinez-aspar-per-a-la-practica-de-l-esport-individual\/"},"modified":"2020-05-19T21:38:26","modified_gmt":"2020-05-19T19:38:26","slug":"dema-dimecres-s-obriran-la-pista-d-atletisme-i-el-circuit-de-cross-de-la-ciutat-esportiva-jorge-martinez-aspar-per-a-la-practica-de-l-esport-individual","status":"publish","type":"post","link":"https:\/\/alzira.es\/es\/dema-dimecres-s-obriran-la-pista-d-atletisme-i-el-circuit-de-cross-de-la-ciutat-esportiva-jorge-martinez-aspar-per-a-la-practica-de-l-esport-individual\/","title":{"rendered":"Ma\u00f1ana mi\u00e9rcoles se abrir\u00e1n la pista de Atletismo y el Circuito de Cross de la Ciudad Deportiva Jorge Mart\u00ednez Aspar para la pr\u00e1ctica del deporte individual"},"content":{"rendered":"<p style=\"text-align: justify;\"><strong>\u00b7 Hay que seguir las medidas de seguridad en todo el recinto que grabar\u00e1 control de aforo<\/strong><\/p>\n<p>Seguimos en el estado de alarma, pero en la fase 1 de desescalada, lo cual nos permite poder abrir las puertas del polideportivo al aire libre de Tulell. El esfuerzo colectivo que hemos realizado nos est\u00e1 permitiendo ir gan\u00e1ndole terreno a la Covid-19.<\/p>\n<p>Desde el pasado 2 de mayo podamos, ateni\u00e9ndonos a una serie de franjas horarias, salir a practicar deporte de manera individual. Damos un paso m\u00e1s y desde ma\u00f1ana mi\u00e9rcoles 20 de mayo podremos utilizar, siguiendo unas medidas de seguridad y coordinaci\u00f3n, la pista de Atletismo y el Circuito de Cross de las instalaciones deportivas al aire libre de la zona Tulell, con un aforo de 110 personas en total en franjas de hora y media. As\u00ed se lo han trasladado el alcalde, <strong>Diego G\u00f3mez<\/strong>, y el regidor de Deportes, <strong>Fernando Pascual<\/strong>, por video conferencia a los representantes de los varios clubes y escuelas deportivas de la ciudad de Alzira.<\/p>\n<p>Hay que recordar que desde hace d\u00edas, y para que el recinto est\u00e9 en \u00f3ptimas condiciones de uso, el equipo de profesionales de mantenimiento de las zonas deportivas de Alzira han realizado las tareas de acondicionamiento del recinto.<\/p>\n<p><strong>Fernando Pascual<\/strong>, regidor de Deportes, es conocedor de las ganas que muestran los usuarios al utilizar el polideportivo al aire libre, pero pide la colaboraci\u00f3n de todas y todos para seguir cada una de las medidas necesarias para evitar el contagio de la Covid-19. Por eso insta a ser cautelosos y acatar las normas, ahora que con \u00e9l cambio de fase, de la 0 a la 1, la Conseller\u00eda de Sanidad autorizar\u00e1 la apertura de este tipo de instalaciones sin p\u00fablico, solo para la pr\u00e1ctica del deporte, y sin contacto f\u00edsico.<\/p>\n<p>El horario de apertura ser\u00e1 el siguiente: de lunes a viernes, de 8 a 14 y de 17&#8217;30 a 22 horas; s\u00e1bado, de 8 a 14 y de 17&#8217;30 a 22 horas; y domingos, de 8 a 14 horas.<\/p>\n<p><em>\u00abLas instalaciones deportivas llevan cerradas dos meses. Con la apertura del polideportivo al aire libre Jorge Mart\u00ednez Aspar damos un paso hacia la nueva y deseada nueva normalidad\u00bb<\/em>, seg\u00fan ha manifestado el regidor.<\/p>\n<p style=\"text-align: center;\"><a class=\"jcepopup\" href=\"https:\/\/alzira.es\/wp-content\/uploads\/2020\/05\/nota_esports_tulell_20200519_115036.jpg\" target=\"_blank\" rel=\"noopener\"><img fetchpriority=\"high\" decoding=\"async\" class=\" size-full wp-image-49475\" src=\"https:\/\/alzira.es\/wp-content\/uploads\/2020\/05\/nota_esports_tulell_20200519_115036.jpg\" alt=\"nota esports tulell 20200519 115036\" width=\"500\" height=\"225\" srcset=\"https:\/\/alzira.es\/wp-content\/uploads\/2020\/05\/nota_esports_tulell_20200519_115036.jpg 2016w, https:\/\/alzira.es\/wp-content\/uploads\/2020\/05\/nota_esports_tulell_20200519_115036-680x306.jpg 680w, https:\/\/alzira.es\/wp-content\/uploads\/2020\/05\/nota_esports_tulell_20200519_115036-1430x644.jpg 1430w, https:\/\/alzira.es\/wp-content\/uploads\/2020\/05\/nota_esports_tulell_20200519_115036-768x346.jpg 768w, https:\/\/alzira.es\/wp-content\/uploads\/2020\/05\/nota_esports_tulell_20200519_115036-1536x692.jpg 1536w\" sizes=\"(max-width: 500px) 100vw, 500px\" \/><\/a>&nbsp;<a class=\"jcepopup\" style=\"text-align: center;\" type=\"image\" href=\"https:\/\/alzira.es\/wp-content\/uploads\/2020\/05\/nota_esports_tulell_20200519_114812.jpg\" target=\"_blank\" rel=\"noopener\"><img decoding=\"async\" class=\"size-full wp-image-49478 lazyload\" data-src=\"https:\/\/alzira.es\/wp-content\/uploads\/2020\/05\/nota_esports_tulell_20200519_114812.jpg\" alt=\"nota esports tulell 20200519 114812\" width=\"500\" height=\"225\" data-srcset=\"https:\/\/alzira.es\/wp-content\/uploads\/2020\/05\/nota_esports_tulell_20200519_114812.jpg 2016w, https:\/\/alzira.es\/wp-content\/uploads\/2020\/05\/nota_esports_tulell_20200519_114812-680x306.jpg 680w, https:\/\/alzira.es\/wp-content\/uploads\/2020\/05\/nota_esports_tulell_20200519_114812-1430x644.jpg 1430w, https:\/\/alzira.es\/wp-content\/uploads\/2020\/05\/nota_esports_tulell_20200519_114812-768x346.jpg 768w, https:\/\/alzira.es\/wp-content\/uploads\/2020\/05\/nota_esports_tulell_20200519_114812-1536x692.jpg 1536w\" data-sizes=\"(max-width: 500px) 100vw, 500px\" src=\"data:image\/svg+xml;base64,PHN2ZyB3aWR0aD0iMSIgaGVpZ2h0PSIxIiB4bWxucz0iaHR0cDovL3d3dy53My5vcmcvMjAwMC9zdmciPjwvc3ZnPg==\" style=\"--smush-placeholder-width: 500px; --smush-placeholder-aspect-ratio: 500\/225;\" \/><\/a><\/p>\n<p style=\"text-align: center;\"><a class=\"jcepopup\" style=\"text-align: center;\" type=\"image\" href=\"https:\/\/alzira.es\/wp-content\/uploads\/2020\/05\/nota_esports_tulell_20200519-WA0017.jpg\" target=\"_blank\" rel=\"noopener\"><img decoding=\"async\" class=\"size-full wp-image-49481 lazyload\" data-src=\"https:\/\/alzira.es\/wp-content\/uploads\/2020\/05\/nota_esports_tulell_20200519-WA0017.jpg\" alt=\"nota esports tulell 20200519-WA0017\" width=\"1000\" height=\"750\" data-srcset=\"https:\/\/alzira.es\/wp-content\/uploads\/2020\/05\/nota_esports_tulell_20200519-WA0017.jpg 1600w, https:\/\/alzira.es\/wp-content\/uploads\/2020\/05\/nota_esports_tulell_20200519-WA0017-680x510.jpg 680w, https:\/\/alzira.es\/wp-content\/uploads\/2020\/05\/nota_esports_tulell_20200519-WA0017-1430x1072.jpg 1430w, https:\/\/alzira.es\/wp-content\/uploads\/2020\/05\/nota_esports_tulell_20200519-WA0017-768x576.jpg 768w, https:\/\/alzira.es\/wp-content\/uploads\/2020\/05\/nota_esports_tulell_20200519-WA0017-1536x1152.jpg 1536w\" data-sizes=\"(max-width: 706px) 89vw, (max-width: 767px) 82vw, 740px\" src=\"data:image\/svg+xml;base64,PHN2ZyB3aWR0aD0iMSIgaGVpZ2h0PSIxIiB4bWxucz0iaHR0cDovL3d3dy53My5vcmcvMjAwMC9zdmciPjwvc3ZnPg==\" style=\"--smush-placeholder-width: 1000px; --smush-placeholder-aspect-ratio: 1000\/750;\" \/><\/a><\/p>\n","protected":false},"excerpt":{"rendered":"<p>\u00b7 Hay que seguir las medidas de seguridad en todo el recinto que grabar\u00e1 control de aforo Seguimos en el estado de alarma, pero en la fase 1 de desescalada, lo cual nos permite poder abrir las puertas del polideportivo al aire libre de Tulell. El esfuerzo colectivo que hemos realizado nos est\u00e1 permitiendo ir &hellip; <\/p>\n<p class=\"link-more\"><a href=\"https:\/\/alzira.es\/es\/dema-dimecres-s-obriran-la-pista-d-atletisme-i-el-circuit-de-cross-de-la-ciutat-esportiva-jorge-martinez-aspar-per-a-la-practica-de-l-esport-individual\/\" class=\"more-link\">Continuar leyendo<span class=\"screen-reader-text\"> \u00abMa\u00f1ana mi\u00e9rcoles se abrir\u00e1n la pista de Atletismo y el Circuito de Cross de la Ciudad Deportiva Jorge Mart\u00ednez Aspar para la pr\u00e1ctica del deporte individual\u00bb<\/span><\/a><\/p>\n","protected":false},"author":29,"featured_media":49475,"comment_status":"","ping_status":"","sticky":false,"template":"","format":"standard","meta":{"_acf_changed":false,"footnotes":""},"categories":[4936],"tags":[],"class_list":["post-49484","post","type-post","status-publish","format-standard","has-post-thumbnail","hentry","category-hemeroteca-es"],"acf":[],"_links":{"self":[{"href":"https:\/\/alzira.es\/es\/wp-json\/wp\/v2\/posts\/49484","targetHints":{"allow":["GET"]}}],"collection":[{"href":"https:\/\/alzira.es\/es\/wp-json\/wp\/v2\/posts"}],"about":[{"href":"https:\/\/alzira.es\/es\/wp-json\/wp\/v2\/types\/post"}],"author":[{"embeddable":true,"href":"https:\/\/alzira.es\/es\/wp-json\/wp\/v2\/users\/29"}],"replies":[{"embeddable":true,"href":"https:\/\/alzira.es\/es\/wp-json\/wp\/v2\/comments?post=49484"}],"version-history":[{"count":0,"href":"https:\/\/alzira.es\/es\/wp-json\/wp\/v2\/posts\/49484\/revisions"}],"wp:featuredmedia":[{"embeddable":true,"href":"https:\/\/alzira.es\/es\/wp-json\/wp\/v2\/media\/49475"}],"wp:attachment":[{"href":"https:\/\/alzira.es\/es\/wp-json\/wp\/v2\/media?parent=49484"}],"wp:term":[{"taxonomy":"category","embeddable":true,"href":"https:\/\/alzira.es\/es\/wp-json\/wp\/v2\/categories?post=49484"},{"taxonomy":"post_tag","embeddable":true,"href":"https:\/\/alzira.es\/es\/wp-json\/wp\/v2\/tags?post=49484"}],"curies":[{"name":"wp","href":"https:\/\/api.w.org\/{rel}","templated":true}]}}