{"id":49473,"date":"2020-05-19T14:55:13","date_gmt":"2020-05-19T12:55:13","guid":{"rendered":"https:\/\/alzira.es\/19052020-exposicio-vicent-marco-2\/"},"modified":"2020-05-19T14:55:13","modified_gmt":"2020-05-19T12:55:13","slug":"19052020-exposicio-vicent-marco-2","status":"publish","type":"post","link":"https:\/\/alzira.es\/es\/19052020-exposicio-vicent-marco-2\/","title":{"rendered":"La Casa de la Cultura d\u2019Alzira reobri l\u2019exposici\u00f3 de Vicent Marco, Els l\u00edmits de la mirada"},"content":{"rendered":"<p style=\"text-align: justify;\"><strong>El passat, 5 de mar\u00e7 s&#8217;inaugurava a la Casa de la Cultura l&#8217;exposici\u00f3<\/strong>, Els l\u00edmits de la mirada <strong>del conegut pintor de l&#8217;Alc\u00fadia Vicent Marco<\/strong>. Despr\u00e9s de dos mesos de tancament, les noves condicions de la fase 1 de la desescalada, ens donen la possibilitat de tornar a obrir a la ciutadania la Casa de la Cultura amb esta exposici\u00f3 i reprendre la vida cultural de la nostra ciutat.<\/p>\n<p style=\"text-align: justify;\"><span style=\"text-decoration: underline;\">Per a la reobertura de l&#8217;exposici\u00f3, el proper dijous, la Casa de la Cultura ha fet l&#8217;adaptaci\u00f3 dels espais<\/span>:<\/p>\n<p style=\"text-align: justify; margin-left: 30px;\">&#8211; Neteja i desinfecci\u00f3 de totes les zones.<br \/>&#8211; A l&#8217;entrada de l&#8217;edifici es troba un punt d&#8217;atenci\u00f3 per a desinfecci\u00f3 de les mans i sol\u2022licitud d&#8217;entrada a la Sala d&#8217;Exposicions.<br \/>&#8211; Ser\u00e0 obligatori l&#8217;\u00fas de mascareta durant la visita a l&#8217;exposici\u00f3.<br \/>&#8211; La mostra podr\u00e0 ser visitada per un m\u00e0xim de sis persones al mateix temps, per cumplir amb la limitaci\u00f3 d&#8217;aforament.<br \/>&#8211; Horari de dilluns a divendres de 18.00 h a 21.00 hores<\/p>\n<p style=\"text-align: justify;\"><strong><em>Els l\u00edmits de la mirada<\/em><\/strong><\/p>\n<p style=\"text-align: justify;\">En esta exposici\u00f3, Marco ens proposa una reflexi\u00f3 sobre la gran diversitat de relacions que s&#8217;establixen entre l&#8217;espectador i l&#8217;obra d&#8217;art a trav\u00e9s d&#8217;una s\u00e8rie d&#8217;olis, alguns en forma de d\u00edptics o binomis en qu\u00e8 s&#8217;endevina esta varietat de mirades o postures representades pels distints individus que apareixen a la part superior o inferior del llen\u00e7 o a dreta i esquerra, enfrontats a una obra que es dilu\u00efx en l&#8217;abstracci\u00f3. Ens obri aix\u00ed un altre nivell de lectura que ens condu\u00efx a reflexionar sobre la pol\u00e8mica que distintes l\u00ednies argumentals han creat hist\u00f2ricament en oposar i crear l\u00edmits innecessaris entre la figuraci\u00f3 i abstracci\u00f3. En altres llen\u00e7os, la figura humana s&#8217;entreveu de forma difusa engolida per la mateixa abstracci\u00f3 com trencant els l\u00edmits imposats que Vicent Marco ignora. De fet, sempre ha reivindicat la seua no-pertinen\u00e7a a cap corrent pl\u00e0stic concret.<\/p>\n<p style=\"text-align: justify;\">Amb esta suggeridora proposta, Vicent Marco Puig (l&#8217;Alc\u00fadia 1956) retorna a Alzira amb un extens\u00edssim bagatge art\u00edstic, que inici\u00e0 cap als d&#8217;onze anys al taller de Manuel Boix i que hui ompli el seu curr\u00edculum de tota mena de premis i reconeixements. Enguany es complixen m\u00e9s de quaranta anys de la primera exposici\u00f3 de Vicent Marco a Alzira, la qual tingu\u00e9 lloc als salons de La Gallera, i vint-i-tres d&#8217;esta <em>\u00abPluja de not\u00edcies\u00bb<\/em> que va portar la seua obra a esta mateixa Sala en l&#8217;any 1997, sense oblidar les <em>\u00abBoques de foc\u00bb<\/em> que ompliren este espai deu anys despr\u00e9s.<\/p>\n<p style=\"text-align: center;\"><img fetchpriority=\"high\" decoding=\"async\" width=\"1600\" height=\"1200\" class=\" size-full wp-image-49467\" src=\"https:\/\/alzira.es\/wp-content\/uploads\/2020\/05\/exposicio_vicent_marco-20200305-WA0064.jpg\" alt=\"exposicio vicent marco-20200305-WA0064\" srcset=\"https:\/\/alzira.es\/wp-content\/uploads\/2020\/05\/exposicio_vicent_marco-20200305-WA0064.jpg 1600w, https:\/\/alzira.es\/wp-content\/uploads\/2020\/05\/exposicio_vicent_marco-20200305-WA0064-680x510.jpg 680w, https:\/\/alzira.es\/wp-content\/uploads\/2020\/05\/exposicio_vicent_marco-20200305-WA0064-1430x1072.jpg 1430w, https:\/\/alzira.es\/wp-content\/uploads\/2020\/05\/exposicio_vicent_marco-20200305-WA0064-768x576.jpg 768w, https:\/\/alzira.es\/wp-content\/uploads\/2020\/05\/exposicio_vicent_marco-20200305-WA0064-1536x1152.jpg 1536w\" sizes=\"(max-width: 706px) 89vw, (max-width: 767px) 82vw, 740px\" \/><\/p>\n","protected":false},"excerpt":{"rendered":"<p>El passat, 5 de mar\u00e7 s&#8217;inaugurava a la Casa de la Cultura l&#8217;exposici\u00f3, Els l\u00edmits de la mirada del conegut pintor de l&#8217;Alc\u00fadia Vicent Marco. Despr\u00e9s de dos mesos de tancament, les noves condicions de la fase 1 de la desescalada, ens donen la possibilitat de tornar a obrir a la ciutadania la Casa de &hellip; <\/p>\n<p class=\"link-more\"><a href=\"https:\/\/alzira.es\/es\/19052020-exposicio-vicent-marco-2\/\" class=\"more-link\">Continuar leyendo<span class=\"screen-reader-text\"> \u00abLa Casa de la Cultura d\u2019Alzira reobri l\u2019exposici\u00f3 de Vicent Marco, Els l\u00edmits de la mirada\u00bb<\/span><\/a><\/p>\n","protected":false},"author":29,"featured_media":49467,"comment_status":"","ping_status":"","sticky":false,"template":"","format":"standard","meta":{"_acf_changed":false,"footnotes":""},"categories":[],"tags":[],"class_list":["post-49473","post","type-post","status-publish","format-standard","has-post-thumbnail","hentry"],"acf":[],"_links":{"self":[{"href":"https:\/\/alzira.es\/es\/wp-json\/wp\/v2\/posts\/49473","targetHints":{"allow":["GET"]}}],"collection":[{"href":"https:\/\/alzira.es\/es\/wp-json\/wp\/v2\/posts"}],"about":[{"href":"https:\/\/alzira.es\/es\/wp-json\/wp\/v2\/types\/post"}],"author":[{"embeddable":true,"href":"https:\/\/alzira.es\/es\/wp-json\/wp\/v2\/users\/29"}],"replies":[{"embeddable":true,"href":"https:\/\/alzira.es\/es\/wp-json\/wp\/v2\/comments?post=49473"}],"version-history":[{"count":0,"href":"https:\/\/alzira.es\/es\/wp-json\/wp\/v2\/posts\/49473\/revisions"}],"wp:featuredmedia":[{"embeddable":true,"href":"https:\/\/alzira.es\/es\/wp-json\/wp\/v2\/media\/49467"}],"wp:attachment":[{"href":"https:\/\/alzira.es\/es\/wp-json\/wp\/v2\/media?parent=49473"}],"wp:term":[{"taxonomy":"category","embeddable":true,"href":"https:\/\/alzira.es\/es\/wp-json\/wp\/v2\/categories?post=49473"},{"taxonomy":"post_tag","embeddable":true,"href":"https:\/\/alzira.es\/es\/wp-json\/wp\/v2\/tags?post=49473"}],"curies":[{"name":"wp","href":"https:\/\/api.w.org\/{rel}","templated":true}]}}