{"id":49470,"date":"2020-05-19T14:55:13","date_gmt":"2020-05-19T12:55:13","guid":{"rendered":"https:\/\/alzira.es\/19052020-exposicio-vicent-marco\/"},"modified":"2020-05-19T14:55:13","modified_gmt":"2020-05-19T12:55:13","slug":"19052020-exposicio-vicent-marco","status":"publish","type":"post","link":"https:\/\/alzira.es\/es\/19052020-exposicio-vicent-marco\/","title":{"rendered":"La Casa de la Cultura de Alzira reabre la exposici\u00f3n de Vicent Marco, Los l\u00edmites de la mirada"},"content":{"rendered":"<p style=\"text-align: justify;\"><strong>El pasado, 5 de marzo se inauguraba en la Casa de la Cultura la exposici\u00f3n<\/strong>, Los l\u00edmites de la mirada <strong>del conocido pintor de l&#8217;Alc\u00fadia Vicent Marco<\/strong>. Despu\u00e9s de dos meses de cierre, las nuevas condiciones de la fase 1 de la desescalada, nos dan la posibilidad de volver a abrir a la ciudadan\u00eda la Casa de la Cultura con esta exposici\u00f3n y retomar la vida cultural de nuestra ciudad.<\/p>\n<p><span style=\"text-decoration: underline;\">Para la reapertura de la exposici\u00f3n, el pr\u00f3ximo jueves, la Casa de la Cultura ha hecho la adaptaci\u00f3n de los espacios<\/span>:<\/p>\n<p>&#8211; Limpieza y desinfecci\u00f3n de todas las zonas.<br \/>&#8211; En la entrada del edificio se encuentra un punto de atenci\u00f3n para desinfecci\u00f3n de las manos y solicitud de entrada a la Sala de Exposiciones.<br \/>&#8211; Ser\u00e1 obligatorio el uso de mascarilla durante la visita a la exposici\u00f3n.<br \/>&#8211; La muestra podr\u00e1 ser visitada por un m\u00e1ximo de seis personas al mismo tiempo, por cumplir con la limitaci\u00f3n de aforo.<br \/>&#8211; Horario de lunes a viernes de 18.00 h a 21.00 horas<\/p>\n<p><em><strong>Els l\u00edmits de la mirada<\/strong><\/em><\/p>\n<p>En esta exposici\u00f3n, Marco nos propone una reflexi\u00f3n sobre la gran diversidad de relaciones que se establecen entre el espectador y la obra de arte a trav\u00e9s de una serie de \u00f3leos, algunos en forma de d\u00edpticos o binomios en que se adivina esta variedad de miradas o posturas representadas por los distintos individuos que aparecen a la parte superior o inferior del lienzo o a derecha e izquierda, enfrentados a una obra que se diluye en la abstracci\u00f3n. Nos abre as\u00ed otro nivel de lectura que nos conduce a reflexionar sobre la pol\u00e9mica que distintas l\u00edneas argumentales han creado hist\u00f3ricamente al oponer y crear l\u00edmites innecesarios entre la figuraci\u00f3n y abstracci\u00f3n. En otros lienzos, la figura humana se entrev\u00e9 de forma difusa tragada por la misma abstracci\u00f3n como rompiendo los l\u00edmites impuestos que Vicent Marco ignora. De hecho, siempre ha reivindicado la suya no-pertenencia a ninguna corriente pl\u00e1stica concreta.<\/p>\n<p>Con esta sugerente propuesta, Vicent Marco Puig (l&#8217;Alc\u00fadia 1956) devuelve a Alzira con un extens\u00edsimo bagaje art\u00edstico, que inici\u00f3 hacia los de once a\u00f1os al taller de Manuel Boix y que hoy llena su curr\u00edculum de todo tipo de premios y reconocimientos. Este a\u00f1o se cumplen m\u00e1s de cuarenta a\u00f1os de la primera exposici\u00f3n de Vicent Marco a Alzira, la cual tuvo lugar en los salones de La Gallera, y veintitr\u00e9s de esta <em>\u00abPluja de noticies\u00bb<\/em> que llev\u00f3 su obra a esta misma Sala en el a\u00f1o 1997, sin olvidar las <em>\u00abBoques de foc\u00bb<\/em> que llenaron este espacio diez a\u00f1os despu\u00e9s.<\/p>\n<p style=\"text-align: center;\"><img fetchpriority=\"high\" decoding=\"async\" width=\"1600\" height=\"1200\" class=\" size-full wp-image-49467\" src=\"https:\/\/alzira.es\/wp-content\/uploads\/2020\/05\/exposicio_vicent_marco-20200305-WA0064.jpg\" alt=\"exposicio vicent marco-20200305-WA0064\" srcset=\"https:\/\/alzira.es\/wp-content\/uploads\/2020\/05\/exposicio_vicent_marco-20200305-WA0064.jpg 1600w, https:\/\/alzira.es\/wp-content\/uploads\/2020\/05\/exposicio_vicent_marco-20200305-WA0064-680x510.jpg 680w, https:\/\/alzira.es\/wp-content\/uploads\/2020\/05\/exposicio_vicent_marco-20200305-WA0064-1430x1072.jpg 1430w, https:\/\/alzira.es\/wp-content\/uploads\/2020\/05\/exposicio_vicent_marco-20200305-WA0064-768x576.jpg 768w, https:\/\/alzira.es\/wp-content\/uploads\/2020\/05\/exposicio_vicent_marco-20200305-WA0064-1536x1152.jpg 1536w\" sizes=\"(max-width: 706px) 89vw, (max-width: 767px) 82vw, 740px\" \/><\/p>\n","protected":false},"excerpt":{"rendered":"<p>El pasado, 5 de marzo se inauguraba en la Casa de la Cultura la exposici\u00f3n, Los l\u00edmites de la mirada del conocido pintor de l&#8217;Alc\u00fadia Vicent Marco. Despu\u00e9s de dos meses de cierre, las nuevas condiciones de la fase 1 de la desescalada, nos dan la posibilidad de volver a abrir a la ciudadan\u00eda la &hellip; <\/p>\n<p class=\"link-more\"><a href=\"https:\/\/alzira.es\/es\/19052020-exposicio-vicent-marco\/\" class=\"more-link\">Continuar leyendo<span class=\"screen-reader-text\"> \u00abLa Casa de la Cultura de Alzira reabre la exposici\u00f3n de Vicent Marco, Los l\u00edmites de la mirada\u00bb<\/span><\/a><\/p>\n","protected":false},"author":29,"featured_media":49467,"comment_status":"","ping_status":"","sticky":false,"template":"","format":"standard","meta":{"_acf_changed":false,"footnotes":""},"categories":[4936],"tags":[],"class_list":["post-49470","post","type-post","status-publish","format-standard","has-post-thumbnail","hentry","category-hemeroteca-es"],"acf":[],"_links":{"self":[{"href":"https:\/\/alzira.es\/es\/wp-json\/wp\/v2\/posts\/49470","targetHints":{"allow":["GET"]}}],"collection":[{"href":"https:\/\/alzira.es\/es\/wp-json\/wp\/v2\/posts"}],"about":[{"href":"https:\/\/alzira.es\/es\/wp-json\/wp\/v2\/types\/post"}],"author":[{"embeddable":true,"href":"https:\/\/alzira.es\/es\/wp-json\/wp\/v2\/users\/29"}],"replies":[{"embeddable":true,"href":"https:\/\/alzira.es\/es\/wp-json\/wp\/v2\/comments?post=49470"}],"version-history":[{"count":0,"href":"https:\/\/alzira.es\/es\/wp-json\/wp\/v2\/posts\/49470\/revisions"}],"wp:featuredmedia":[{"embeddable":true,"href":"https:\/\/alzira.es\/es\/wp-json\/wp\/v2\/media\/49467"}],"wp:attachment":[{"href":"https:\/\/alzira.es\/es\/wp-json\/wp\/v2\/media?parent=49470"}],"wp:term":[{"taxonomy":"category","embeddable":true,"href":"https:\/\/alzira.es\/es\/wp-json\/wp\/v2\/categories?post=49470"},{"taxonomy":"post_tag","embeddable":true,"href":"https:\/\/alzira.es\/es\/wp-json\/wp\/v2\/tags?post=49470"}],"curies":[{"name":"wp","href":"https:\/\/api.w.org\/{rel}","templated":true}]}}