{"id":49465,"date":"2020-05-19T13:27:45","date_gmt":"2020-05-19T11:27:45","guid":{"rendered":"https:\/\/alzira.es\/parades-alimentacio-al-mercat-ambulant-2\/"},"modified":"2020-05-19T13:27:45","modified_gmt":"2020-05-19T11:27:45","slug":"parades-alimentacio-al-mercat-ambulant-2","status":"publish","type":"post","link":"https:\/\/alzira.es\/es\/parades-alimentacio-al-mercat-ambulant-2\/","title":{"rendered":"De 9 a 13 hores dem\u00e0 tornen les parades d&#8217;alimentaci\u00f3 al mercat ambulant"},"content":{"rendered":"<p style=\"text-align: justify;\"><strong>Dem\u00e0 dimecres novament romandran obertes les parades d&#8217;alimentaci\u00f3 al mercat ambulant<\/strong>, <strong>entre les 9 i les 13 hores<\/strong>.<\/p>\n<p style=\"text-align: justify;\">Tot el dispositiu en torn al muntatge de les parades d&#8217;alimentaci\u00f3 ha estat valorat positivament per la veterin\u00e0ria del Centre de Salut P\u00fablica, per aix\u00f2 i per a seguir acatant les normes de seguretat i higiene recordem les mesures que hem de posar a la pr\u00e0ctica a l&#8217;hora d&#8217;acudir al mercat ambulant:<\/p>\n<p style=\"text-align: justify; margin-left: 30px;\">&#8211; Realitza la compra de manera individual.<\/p>\n<p style=\"text-align: justify; margin-left: 30px;\">&#8211; Utilitza guants i mascareta, i deposita&#8217;ls en les papereres habilitades quan acabes la compra.<\/p>\n<p style=\"text-align: justify; margin-left: 30px;\">&#8211; No toques els productes, demana&#8217;ls al venedor\/a.<\/p>\n<p style=\"text-align: justify; margin-left: 30px;\">&#8211; Si tusses o estornudes, tapa&#8217;t la boca amb el colze.<\/p>\n<p style=\"text-align: justify; margin-left: 30px;\">&#8211; Mant\u00edn la dist\u00e0ncia de seguretat de 2 metres entre el comprador anterior i posterior.<\/p>\n<p style=\"text-align: justify; margin-left: 30px;\">&#8211; Arreplega i paga la compra en el lloc que et diga el venedor\/a.<\/p>\n<p style=\"text-align: justify; margin-left: 30px;\">&#8211; Si \u00e9s possible paga amb targeta i no amb diners per a evitar contacte amb el\/la venedor\/a.<\/p>\n<p style=\"text-align: justify;\">Les parades estaran instal\u00b7lades al carrer Santo Domingo de Guzm\u00e1n, amb entrada pel carrer Riola i eixida pel carrer Tavernes.<\/p>\n<p style=\"text-align: justify;\">L&#8217;edil del PSOE <strong>Fernando Pascual<\/strong>, responsable de l&#8217;\u00e0rea de Serveis Urbans, <em>\u00absol\u00b7licita la m\u00e0xima col\u00b7laboraci\u00f3 a tots els ciutadans que acudisquen al mercat dels dimecres a ser rigorosos amb l&#8217;estricte compliment de les mesures que marca la Conselleria de Sanitat\u00bb<\/em>.<\/p>\n<p style=\"text-align: center;\"><a class=\"jcepopup\" href=\"https:\/\/alzira.es\/wp-content\/uploads\/2020\/05\/parades_alimentacio_al_mercat_ambulant_1589886757401.jpg\" target=\"_blank\" rel=\"noopener\"><img fetchpriority=\"high\" decoding=\"async\" class=\" size-full wp-image-49457\" src=\"https:\/\/alzira.es\/wp-content\/uploads\/2020\/05\/parades_alimentacio_al_mercat_ambulant_1589886757401.jpg\" alt=\"parades alimentacio al mercat ambulant 1589886757401\" width=\"400\" height=\"300\" srcset=\"https:\/\/alzira.es\/wp-content\/uploads\/2020\/05\/parades_alimentacio_al_mercat_ambulant_1589886757401.jpg 1080w, https:\/\/alzira.es\/wp-content\/uploads\/2020\/05\/parades_alimentacio_al_mercat_ambulant_1589886757401-680x510.jpg 680w, https:\/\/alzira.es\/wp-content\/uploads\/2020\/05\/parades_alimentacio_al_mercat_ambulant_1589886757401-768x576.jpg 768w\" sizes=\"(max-width: 400px) 100vw, 400px\" \/><\/a><\/p>\n<p style=\"text-align: center;\"><img decoding=\"async\" width=\"595\" height=\"842\" class=\"size-full wp-image-49459 lazyload\" data-src=\"https:\/\/alzira.es\/wp-content\/uploads\/2020\/05\/parades_alimentacio_al_mercat_ambulant_1589886766054.jpg\" alt=\"parades alimentacio al mercat ambulant 1589886766054\" data-srcset=\"https:\/\/alzira.es\/wp-content\/uploads\/2020\/05\/parades_alimentacio_al_mercat_ambulant_1589886766054.jpg 595w, https:\/\/alzira.es\/wp-content\/uploads\/2020\/05\/parades_alimentacio_al_mercat_ambulant_1589886766054-360x510.jpg 360w\" data-sizes=\"(max-width: 595px) 100vw, 595px\" src=\"data:image\/svg+xml;base64,PHN2ZyB3aWR0aD0iMSIgaGVpZ2h0PSIxIiB4bWxucz0iaHR0cDovL3d3dy53My5vcmcvMjAwMC9zdmciPjwvc3ZnPg==\" style=\"--smush-placeholder-width: 595px; --smush-placeholder-aspect-ratio: 595\/842;\" \/>&nbsp;<img decoding=\"async\" width=\"595\" height=\"842\" class=\"size-full wp-image-49461 lazyload\" style=\"--smush-placeholder-width: 595px; --smush-placeholder-aspect-ratio: 595\/842;text-align: center;\" data-src=\"https:\/\/alzira.es\/wp-content\/uploads\/2020\/05\/parades_alimentacio_al_mercat_ambulant_1589886768925.jpg\" alt=\"parades alimentacio al mercat ambulant 1589886768925\" data-srcset=\"https:\/\/alzira.es\/wp-content\/uploads\/2020\/05\/parades_alimentacio_al_mercat_ambulant_1589886768925.jpg 595w, https:\/\/alzira.es\/wp-content\/uploads\/2020\/05\/parades_alimentacio_al_mercat_ambulant_1589886768925-360x510.jpg 360w\" data-sizes=\"(max-width: 595px) 100vw, 595px\" src=\"data:image\/svg+xml;base64,PHN2ZyB3aWR0aD0iMSIgaGVpZ2h0PSIxIiB4bWxucz0iaHR0cDovL3d3dy53My5vcmcvMjAwMC9zdmciPjwvc3ZnPg==\" \/><\/p>\n<p style=\"text-align: center;\">&nbsp;<\/p>\n","protected":false},"excerpt":{"rendered":"<p>Dem\u00e0 dimecres novament romandran obertes les parades d&#8217;alimentaci\u00f3 al mercat ambulant, entre les 9 i les 13 hores. Tot el dispositiu en torn al muntatge de les parades d&#8217;alimentaci\u00f3 ha estat valorat positivament per la veterin\u00e0ria del Centre de Salut P\u00fablica, per aix\u00f2 i per a seguir acatant les normes de seguretat i higiene recordem &hellip; <\/p>\n<p class=\"link-more\"><a href=\"https:\/\/alzira.es\/es\/parades-alimentacio-al-mercat-ambulant-2\/\" class=\"more-link\">Continuar leyendo<span class=\"screen-reader-text\"> \u00abDe 9 a 13 hores dem\u00e0 tornen les parades d&#8217;alimentaci\u00f3 al mercat ambulant\u00bb<\/span><\/a><\/p>\n","protected":false},"author":29,"featured_media":49457,"comment_status":"","ping_status":"","sticky":false,"template":"","format":"standard","meta":{"_acf_changed":false,"footnotes":""},"categories":[],"tags":[],"class_list":["post-49465","post","type-post","status-publish","format-standard","has-post-thumbnail","hentry"],"acf":[],"_links":{"self":[{"href":"https:\/\/alzira.es\/es\/wp-json\/wp\/v2\/posts\/49465","targetHints":{"allow":["GET"]}}],"collection":[{"href":"https:\/\/alzira.es\/es\/wp-json\/wp\/v2\/posts"}],"about":[{"href":"https:\/\/alzira.es\/es\/wp-json\/wp\/v2\/types\/post"}],"author":[{"embeddable":true,"href":"https:\/\/alzira.es\/es\/wp-json\/wp\/v2\/users\/29"}],"replies":[{"embeddable":true,"href":"https:\/\/alzira.es\/es\/wp-json\/wp\/v2\/comments?post=49465"}],"version-history":[{"count":0,"href":"https:\/\/alzira.es\/es\/wp-json\/wp\/v2\/posts\/49465\/revisions"}],"wp:featuredmedia":[{"embeddable":true,"href":"https:\/\/alzira.es\/es\/wp-json\/wp\/v2\/media\/49457"}],"wp:attachment":[{"href":"https:\/\/alzira.es\/es\/wp-json\/wp\/v2\/media?parent=49465"}],"wp:term":[{"taxonomy":"category","embeddable":true,"href":"https:\/\/alzira.es\/es\/wp-json\/wp\/v2\/categories?post=49465"},{"taxonomy":"post_tag","embeddable":true,"href":"https:\/\/alzira.es\/es\/wp-json\/wp\/v2\/tags?post=49465"}],"curies":[{"name":"wp","href":"https:\/\/api.w.org\/{rel}","templated":true}]}}