{"id":49463,"date":"2020-05-19T13:27:45","date_gmt":"2020-05-19T11:27:45","guid":{"rendered":"https:\/\/alzira.es\/parades-alimentacio-al-mercat-ambulant\/"},"modified":"2020-05-19T13:27:45","modified_gmt":"2020-05-19T11:27:45","slug":"parades-alimentacio-al-mercat-ambulant","status":"publish","type":"post","link":"https:\/\/alzira.es\/es\/parades-alimentacio-al-mercat-ambulant\/","title":{"rendered":"De 9 a 13 horas ma\u00f1ana vuelven las paradas de alimentaci\u00f3n al mercadillo ambulante"},"content":{"rendered":"<p style=\"text-align: left;\"><a class=\"jcepopup\" href=\"https:\/\/alzira.es\/wp-content\/uploads\/2020\/05\/parades_alimentacio_al_mercat_ambulant_1589886757401.jpg\" target=\"_blank\" rel=\"noopener\"><strong>Ma\u00f1ana mi\u00e9rcoles nuevamente permanecer\u00e1n abiertas las paradas de alimentaci\u00f3n en el mercadillo<\/strong>, <strong>entre las 9 y las 13 horas<\/strong>.<\/a><\/p>\n<p>Todo el dispositivo en turno al montaje de las paradas de alimentaci\u00f3n ha sido valorado positivamente por la veterinaria del Centro de Salud P\u00fablica, por eso y para seguir acatando las normas de seguridad e higiene recordamos las medidas que tenemos que posar a la pr\u00e1ctica en la hora de acudir al mercadillo:<\/p>\n<p style=\"text-align: center;\">&nbsp;<\/p>\n<p>&#8211; Realiza la compra de manera individual.<\/p>\n<p style=\"text-align: center;\">&nbsp;<\/p>\n<p>&#8211; Utiliza guantes y mascarilla, y depos\u00edtalos en las papeleras habilitadas cuando acabas la compra.<\/p>\n<p style=\"text-align: center;\">&nbsp;<\/p>\n<p>&#8211; No tocas los productos, p\u00eddelos al vendedor\/a.<\/p>\n<p style=\"text-align: center;\">&nbsp;<\/p>\n<p>&#8211; Si toses o estornudas, t\u00e1pate la boca con el codo.<\/p>\n<p style=\"text-align: center;\">&nbsp;<\/p>\n<p>&#8211; Mant\u00e9n la distancia de seguridad de 2 metros entre el comprador anterior y posterior.<\/p>\n<p style=\"text-align: center;\">&nbsp;<\/p>\n<p>&#8211; Recoge y paga la compra en el lugar que te diga el vendedor\/a.<\/p>\n<p style=\"text-align: center;\">&nbsp;<\/p>\n<p>&#8211; Si es posible paga con tarjeta y no con dinero para evitar contacto con el\/la vendedor\/a.<\/p>\n<p style=\"text-align: center;\">&nbsp;<\/p>\n<p>Las paradas estar\u00e1n instaladas en la calle Santo Domingo de Guzm\u00e1n, con entrada por la calle Riola y salida por la calle Tavernes.<\/p>\n<p style=\"text-align: center;\">&nbsp;<\/p>\n<p>El edil del PSOE <strong>Fernando Pascual<\/strong>, responsable del \u00e1rea de Servicios Urbanos, <em>\u00absolicita la m\u00e1xima colaboraci\u00f3n a todos los ciudadanos que acudan al mercado de los mi\u00e9rcoles a ser rigurosos con el estricto cumplimiento de las medidas que marca la Conseller\u00eda de Sanidad\u00bb<\/em>.<\/p>\n<p style=\"text-align: center;\"><a class=\"jcepopup\" href=\"https:\/\/alzira.es\/wp-content\/uploads\/2020\/05\/parades_alimentacio_al_mercat_ambulant_1589886757401.jpg\" target=\"_blank\" rel=\"noopener\"><img fetchpriority=\"high\" decoding=\"async\" class=\" size-full wp-image-49457\" src=\"https:\/\/alzira.es\/wp-content\/uploads\/2020\/05\/parades_alimentacio_al_mercat_ambulant_1589886757401.jpg\" alt=\"parades alimentacio al mercat ambulant 1589886757401\" width=\"400\" height=\"300\" srcset=\"https:\/\/alzira.es\/wp-content\/uploads\/2020\/05\/parades_alimentacio_al_mercat_ambulant_1589886757401.jpg 1080w, https:\/\/alzira.es\/wp-content\/uploads\/2020\/05\/parades_alimentacio_al_mercat_ambulant_1589886757401-680x510.jpg 680w, https:\/\/alzira.es\/wp-content\/uploads\/2020\/05\/parades_alimentacio_al_mercat_ambulant_1589886757401-768x576.jpg 768w\" sizes=\"(max-width: 400px) 100vw, 400px\" \/><\/a><\/p>\n<p style=\"text-align: center;\"><img decoding=\"async\" width=\"595\" height=\"842\" class=\"size-full wp-image-49459 lazyload\" data-src=\"https:\/\/alzira.es\/wp-content\/uploads\/2020\/05\/parades_alimentacio_al_mercat_ambulant_1589886766054.jpg\" alt=\"parades alimentacio al mercat ambulant 1589886766054\" data-srcset=\"https:\/\/alzira.es\/wp-content\/uploads\/2020\/05\/parades_alimentacio_al_mercat_ambulant_1589886766054.jpg 595w, https:\/\/alzira.es\/wp-content\/uploads\/2020\/05\/parades_alimentacio_al_mercat_ambulant_1589886766054-360x510.jpg 360w\" data-sizes=\"(max-width: 595px) 100vw, 595px\" src=\"data:image\/svg+xml;base64,PHN2ZyB3aWR0aD0iMSIgaGVpZ2h0PSIxIiB4bWxucz0iaHR0cDovL3d3dy53My5vcmcvMjAwMC9zdmciPjwvc3ZnPg==\" style=\"--smush-placeholder-width: 595px; --smush-placeholder-aspect-ratio: 595\/842;\" \/>&nbsp;<img decoding=\"async\" width=\"595\" height=\"842\" class=\"size-full wp-image-49461 lazyload\" style=\"--smush-placeholder-width: 595px; --smush-placeholder-aspect-ratio: 595\/842;text-align: center;\" data-src=\"https:\/\/alzira.es\/wp-content\/uploads\/2020\/05\/parades_alimentacio_al_mercat_ambulant_1589886768925.jpg\" alt=\"parades alimentacio al mercat ambulant 1589886768925\" data-srcset=\"https:\/\/alzira.es\/wp-content\/uploads\/2020\/05\/parades_alimentacio_al_mercat_ambulant_1589886768925.jpg 595w, https:\/\/alzira.es\/wp-content\/uploads\/2020\/05\/parades_alimentacio_al_mercat_ambulant_1589886768925-360x510.jpg 360w\" data-sizes=\"(max-width: 595px) 100vw, 595px\" src=\"data:image\/svg+xml;base64,PHN2ZyB3aWR0aD0iMSIgaGVpZ2h0PSIxIiB4bWxucz0iaHR0cDovL3d3dy53My5vcmcvMjAwMC9zdmciPjwvc3ZnPg==\" \/><\/p>\n<p style=\"text-align: center;\">&nbsp;<\/p>\n","protected":false},"excerpt":{"rendered":"<p>Ma\u00f1ana mi\u00e9rcoles nuevamente permanecer\u00e1n abiertas las paradas de alimentaci\u00f3n en el mercadillo, entre las 9 y las 13 horas. Todo el dispositivo en turno al montaje de las paradas de alimentaci\u00f3n ha sido valorado positivamente por la veterinaria del Centro de Salud P\u00fablica, por eso y para seguir acatando las normas de seguridad e higiene &hellip; <\/p>\n<p class=\"link-more\"><a href=\"https:\/\/alzira.es\/es\/parades-alimentacio-al-mercat-ambulant\/\" class=\"more-link\">Continuar leyendo<span class=\"screen-reader-text\"> \u00abDe 9 a 13 horas ma\u00f1ana vuelven las paradas de alimentaci\u00f3n al mercadillo ambulante\u00bb<\/span><\/a><\/p>\n","protected":false},"author":29,"featured_media":49457,"comment_status":"","ping_status":"","sticky":false,"template":"","format":"standard","meta":{"_acf_changed":false,"footnotes":""},"categories":[4936],"tags":[],"class_list":["post-49463","post","type-post","status-publish","format-standard","has-post-thumbnail","hentry","category-hemeroteca-es"],"acf":[],"_links":{"self":[{"href":"https:\/\/alzira.es\/es\/wp-json\/wp\/v2\/posts\/49463","targetHints":{"allow":["GET"]}}],"collection":[{"href":"https:\/\/alzira.es\/es\/wp-json\/wp\/v2\/posts"}],"about":[{"href":"https:\/\/alzira.es\/es\/wp-json\/wp\/v2\/types\/post"}],"author":[{"embeddable":true,"href":"https:\/\/alzira.es\/es\/wp-json\/wp\/v2\/users\/29"}],"replies":[{"embeddable":true,"href":"https:\/\/alzira.es\/es\/wp-json\/wp\/v2\/comments?post=49463"}],"version-history":[{"count":0,"href":"https:\/\/alzira.es\/es\/wp-json\/wp\/v2\/posts\/49463\/revisions"}],"wp:featuredmedia":[{"embeddable":true,"href":"https:\/\/alzira.es\/es\/wp-json\/wp\/v2\/media\/49457"}],"wp:attachment":[{"href":"https:\/\/alzira.es\/es\/wp-json\/wp\/v2\/media?parent=49463"}],"wp:term":[{"taxonomy":"category","embeddable":true,"href":"https:\/\/alzira.es\/es\/wp-json\/wp\/v2\/categories?post=49463"},{"taxonomy":"post_tag","embeddable":true,"href":"https:\/\/alzira.es\/es\/wp-json\/wp\/v2\/tags?post=49463"}],"curies":[{"name":"wp","href":"https:\/\/api.w.org\/{rel}","templated":true}]}}