{"id":49455,"date":"2020-05-19T12:22:57","date_gmt":"2020-05-19T10:22:57","guid":{"rendered":"https:\/\/alzira.es\/obertura-cementeri-2\/"},"modified":"2020-05-19T12:22:57","modified_gmt":"2020-05-19T10:22:57","slug":"obertura-cementeri-2","status":"publish","type":"post","link":"https:\/\/alzira.es\/es\/obertura-cementeri-2\/","title":{"rendered":"El cementeri pot rebre visites des d&#8217;este dimecres"},"content":{"rendered":"<p style=\"text-align: justify;\"><strong>\u2022 L&#8217;horari per a visites es limita de 9 a 13 hores tots els dies de la setmana<\/strong><\/p>\n<p style=\"text-align: justify;\">El decret de l&#8217;estat d&#8217;alarma ha obligat a tindre tancades les portes del cementeri municipal des del passat 14 de mar\u00e7, ara que ens trobem en la fase 1 de la desescalada podran obrir-se de nou.<\/p>\n<p style=\"text-align: justify;\">Al llarg dels \u00faltims dies s&#8217;ha procedit a la desinfecci\u00f3 de tot el recinte per seguir en tot moment el protocol marcat des del Ministeri de Sanitat. De igual manera s&#8217;han senyalitzat els recorreguts a seguir, aix\u00ed com l&#8217;entrada i eixida, per tal de poder mantindre la distancia social necess\u00e0ria i evitar aglomeracions.<\/p>\n<p style=\"text-align: justify;\"><strong>Fernando Pascual<\/strong>, regidor de Serveis Urbans, demana a la ciutadania la comprensi\u00f3 i col\u00b7laboraci\u00f3 a l&#8217;hora de visitar el cementeri, ja que tamb\u00e9 en ell hem de respectar les mesures de seguretat i l&#8217;estricte compliment de les recomanacions del Ministeri per a poder fer front a la Covid-19 m\u00e9s prompte que tard.<\/p>\n<p style=\"text-align: justify;\"><span style=\"text-decoration: underline;\">La visita al cementeri podr\u00e0 realitzar-se des d&#8217;este dimecres 20 de maig<\/span>, amb l&#8217;horari matinal de 9 a 13 hores per als set dies de la setmana, i sense descuidar en cap moment totes les directrius que marquen l&#8217; estat d&#8217;alarma en la fase 1: grups de m\u00e0xim 10 persones; dist\u00e0ncia d&#8217;almenys 2 metres; i l&#8217;utilitzaci\u00f3 de mascareta.<\/p>\n<p style=\"text-align: justify;\">Per \u00faltim assenyalar que<em> \u00abcom sempre hem fet si anem de visita al cementeri i canviem les flors dels familiars utilitzem els contenidors de reciclatge que es troben repartits per tot el recinte, una manera m\u00e9s de mantindre en condicions d&#8217;higiene les instal\u2022lacions\u00bb<\/em>, ha remarcat el regidor.<\/p>\n<p><a class=\"jcepopup\" href=\"https:\/\/alzira.es\/wp-content\/uploads\/2020\/05\/Obertura_cementeri_111338.jpg\" target=\"_blank\" rel=\"noopener\"><img fetchpriority=\"high\" decoding=\"async\" class=\" size-full wp-image-49448\" style=\"display: block; margin-left: auto; margin-right: auto;\" src=\"https:\/\/alzira.es\/wp-content\/uploads\/2020\/05\/Obertura_cementeri_111338.jpg\" alt=\"Obertura cementeri 111338\" width=\"600\" height=\"270\" srcset=\"https:\/\/alzira.es\/wp-content\/uploads\/2020\/05\/Obertura_cementeri_111338.jpg 2016w, https:\/\/alzira.es\/wp-content\/uploads\/2020\/05\/Obertura_cementeri_111338-680x306.jpg 680w, https:\/\/alzira.es\/wp-content\/uploads\/2020\/05\/Obertura_cementeri_111338-1430x644.jpg 1430w, https:\/\/alzira.es\/wp-content\/uploads\/2020\/05\/Obertura_cementeri_111338-768x346.jpg 768w, https:\/\/alzira.es\/wp-content\/uploads\/2020\/05\/Obertura_cementeri_111338-1536x692.jpg 1536w\" sizes=\"(max-width: 600px) 100vw, 600px\" \/><\/a><a class=\"jcepopup\" href=\"https:\/\/alzira.es\/wp-content\/uploads\/2020\/05\/Obertura_cementeri_105425.jpg\" target=\"_blank\" rel=\"noopener\"><img decoding=\"async\" class=\"size-full wp-image-49451 lazyload\" style=\"--smush-placeholder-width: 600px; --smush-placeholder-aspect-ratio: 600\/270;display: block; margin-left: auto; margin-right: auto;\" data-src=\"https:\/\/alzira.es\/wp-content\/uploads\/2020\/05\/Obertura_cementeri_105425.jpg\" alt=\"Obertura cementeri 105425\" width=\"600\" height=\"270\" data-srcset=\"https:\/\/alzira.es\/wp-content\/uploads\/2020\/05\/Obertura_cementeri_105425.jpg 2016w, https:\/\/alzira.es\/wp-content\/uploads\/2020\/05\/Obertura_cementeri_105425-680x306.jpg 680w, https:\/\/alzira.es\/wp-content\/uploads\/2020\/05\/Obertura_cementeri_105425-1430x644.jpg 1430w, https:\/\/alzira.es\/wp-content\/uploads\/2020\/05\/Obertura_cementeri_105425-768x346.jpg 768w, https:\/\/alzira.es\/wp-content\/uploads\/2020\/05\/Obertura_cementeri_105425-1536x692.jpg 1536w\" data-sizes=\"(max-width: 600px) 100vw, 600px\" src=\"data:image\/svg+xml;base64,PHN2ZyB3aWR0aD0iMSIgaGVpZ2h0PSIxIiB4bWxucz0iaHR0cDovL3d3dy53My5vcmcvMjAwMC9zdmciPjwvc3ZnPg==\" \/><\/a><a class=\"jcepopup\" href=\"https:\/\/alzira.es\/wp-content\/uploads\/2020\/05\/Obertura_cementeri_111338.jpg\" target=\"_blank\" rel=\"noopener\"><br \/><\/a><a class=\"jcepopup\" href=\"https:\/\/alzira.es\/wp-content\/uploads\/2020\/05\/Obertura_cementeri_111338.jpg\" target=\"_blank\" rel=\"noopener\">&nbsp;<\/a><a class=\"jcepopup\" href=\"https:\/\/alzira.es\/wp-content\/uploads\/2020\/05\/Obertura_cementeri_111338.jpg\" target=\"_blank\" rel=\"noopener\"><br \/><\/a>&nbsp;<\/p>\n<p style=\"text-align: justify;\">&nbsp;<\/p>\n","protected":false},"excerpt":{"rendered":"<p>\u2022 L&#8217;horari per a visites es limita de 9 a 13 hores tots els dies de la setmana El decret de l&#8217;estat d&#8217;alarma ha obligat a tindre tancades les portes del cementeri municipal des del passat 14 de mar\u00e7, ara que ens trobem en la fase 1 de la desescalada podran obrir-se de nou. Al &hellip; <\/p>\n<p class=\"link-more\"><a href=\"https:\/\/alzira.es\/es\/obertura-cementeri-2\/\" class=\"more-link\">Continuar leyendo<span class=\"screen-reader-text\"> \u00abEl cementeri pot rebre visites des d&#8217;este dimecres\u00bb<\/span><\/a><\/p>\n","protected":false},"author":29,"featured_media":49448,"comment_status":"","ping_status":"","sticky":false,"template":"","format":"standard","meta":{"_acf_changed":false,"footnotes":""},"categories":[],"tags":[],"class_list":["post-49455","post","type-post","status-publish","format-standard","has-post-thumbnail","hentry"],"acf":[],"_links":{"self":[{"href":"https:\/\/alzira.es\/es\/wp-json\/wp\/v2\/posts\/49455","targetHints":{"allow":["GET"]}}],"collection":[{"href":"https:\/\/alzira.es\/es\/wp-json\/wp\/v2\/posts"}],"about":[{"href":"https:\/\/alzira.es\/es\/wp-json\/wp\/v2\/types\/post"}],"author":[{"embeddable":true,"href":"https:\/\/alzira.es\/es\/wp-json\/wp\/v2\/users\/29"}],"replies":[{"embeddable":true,"href":"https:\/\/alzira.es\/es\/wp-json\/wp\/v2\/comments?post=49455"}],"version-history":[{"count":0,"href":"https:\/\/alzira.es\/es\/wp-json\/wp\/v2\/posts\/49455\/revisions"}],"wp:featuredmedia":[{"embeddable":true,"href":"https:\/\/alzira.es\/es\/wp-json\/wp\/v2\/media\/49448"}],"wp:attachment":[{"href":"https:\/\/alzira.es\/es\/wp-json\/wp\/v2\/media?parent=49455"}],"wp:term":[{"taxonomy":"category","embeddable":true,"href":"https:\/\/alzira.es\/es\/wp-json\/wp\/v2\/categories?post=49455"},{"taxonomy":"post_tag","embeddable":true,"href":"https:\/\/alzira.es\/es\/wp-json\/wp\/v2\/tags?post=49455"}],"curies":[{"name":"wp","href":"https:\/\/api.w.org\/{rel}","templated":true}]}}