{"id":49453,"date":"2020-05-19T12:22:57","date_gmt":"2020-05-19T10:22:57","guid":{"rendered":"https:\/\/alzira.es\/obertura-cementeri\/"},"modified":"2020-05-19T12:22:57","modified_gmt":"2020-05-19T10:22:57","slug":"obertura-cementeri","status":"publish","type":"post","link":"https:\/\/alzira.es\/es\/obertura-cementeri\/","title":{"rendered":"El cementerio puede recibir visitas desde este mi\u00e9rcoles"},"content":{"rendered":"<p style=\"text-align: justify;\"><strong>\u2022 El horario para visitas se limita de 9 a 13 horas todos los d\u00edas de la semana<\/strong><\/p>\n<p>El decreto del estado de alarma ha obligado a tener cerradas las puertas del cementerio municipal desde el pasado 14 de marzo, ahora que nos encontramos en la fase 1 de la desescalada podr\u00e1n abrirse de nuevo.<\/p>\n<p>A lo largo de los \u00faltimos d\u00edas se ha procedido a la desinfecci\u00f3n de todo el recinto para seguir en todo momento el protocolo marcado desde el Ministerio de Sanidad. De igual manera se han se\u00f1alizado los recorridos a seguir, as\u00ed como la entrada y salida, para poder mantener la distancia social necesaria y evitar aglomeraciones.<\/p>\n<p><strong>Fernando Pascual<\/strong>, regidor de Servicios Urbanos, pide a la ciudadan\u00eda la comprensi\u00f3n y colaboraci\u00f3n en la hora de visitar el cementerio, puesto que tambi\u00e9n en \u00e9l tenemos que respetar las medidas de seguridad y el estricto cumplimiento de las recomendaciones del Ministerio para poder hacer frente a la Covid-19 m\u00e1s pronto que tarde.<\/p>\n<p><span style=\"text-decoration: underline;\">La visita al cementerio podr\u00e1 realizarse desde este mi\u00e9rcoles 20 de mayo<\/span>, con el horario matinal de 9 a 13 horas para los siete d\u00edas de la semana, y sin descuidar en ning\u00fan momento todas las directrices que marcan el estado de alarma en la fase 1: grupos de m\u00e1ximo 10 personas; distancia de al menos 2 metros; y la utilizaci\u00f3n de mascarilla.<\/p>\n<p>Por \u00faltimo se\u00f1alar que <em>\u00abcomo siempre hemos hecho si vayamos de visita al cementerio y cambiamos las flores de los familiares utilizamos los contenedores de reciclaje que se encuentran repartidos por todo el recinto, una manera m\u00e1s de mantener en condiciones de higiene las instalaciones\u00bb<\/em>, ha remarcado el regidor.<\/p>\n<p><a class=\"jcepopup\" href=\"https:\/\/alzira.es\/wp-content\/uploads\/2020\/05\/Obertura_cementeri_111338.jpg\" target=\"_blank\" rel=\"noopener\"><img fetchpriority=\"high\" decoding=\"async\" class=\" size-full wp-image-49448\" style=\"display: block; margin-left: auto; margin-right: auto;\" src=\"https:\/\/alzira.es\/wp-content\/uploads\/2020\/05\/Obertura_cementeri_111338.jpg\" alt=\"Obertura cementeri 111338\" width=\"600\" height=\"270\" srcset=\"https:\/\/alzira.es\/wp-content\/uploads\/2020\/05\/Obertura_cementeri_111338.jpg 2016w, https:\/\/alzira.es\/wp-content\/uploads\/2020\/05\/Obertura_cementeri_111338-680x306.jpg 680w, https:\/\/alzira.es\/wp-content\/uploads\/2020\/05\/Obertura_cementeri_111338-1430x644.jpg 1430w, https:\/\/alzira.es\/wp-content\/uploads\/2020\/05\/Obertura_cementeri_111338-768x346.jpg 768w, https:\/\/alzira.es\/wp-content\/uploads\/2020\/05\/Obertura_cementeri_111338-1536x692.jpg 1536w\" sizes=\"(max-width: 600px) 100vw, 600px\" \/><\/a><a class=\"jcepopup\" href=\"https:\/\/alzira.es\/wp-content\/uploads\/2020\/05\/Obertura_cementeri_105425.jpg\" target=\"_blank\" rel=\"noopener\"><img decoding=\"async\" class=\"size-full wp-image-49451 lazyload\" style=\"--smush-placeholder-width: 600px; --smush-placeholder-aspect-ratio: 600\/270;display: block; margin-left: auto; margin-right: auto;\" data-src=\"https:\/\/alzira.es\/wp-content\/uploads\/2020\/05\/Obertura_cementeri_105425.jpg\" alt=\"Obertura cementeri 105425\" width=\"600\" height=\"270\" data-srcset=\"https:\/\/alzira.es\/wp-content\/uploads\/2020\/05\/Obertura_cementeri_105425.jpg 2016w, https:\/\/alzira.es\/wp-content\/uploads\/2020\/05\/Obertura_cementeri_105425-680x306.jpg 680w, https:\/\/alzira.es\/wp-content\/uploads\/2020\/05\/Obertura_cementeri_105425-1430x644.jpg 1430w, https:\/\/alzira.es\/wp-content\/uploads\/2020\/05\/Obertura_cementeri_105425-768x346.jpg 768w, https:\/\/alzira.es\/wp-content\/uploads\/2020\/05\/Obertura_cementeri_105425-1536x692.jpg 1536w\" data-sizes=\"(max-width: 600px) 100vw, 600px\" src=\"data:image\/svg+xml;base64,PHN2ZyB3aWR0aD0iMSIgaGVpZ2h0PSIxIiB4bWxucz0iaHR0cDovL3d3dy53My5vcmcvMjAwMC9zdmciPjwvc3ZnPg==\" \/><\/a><a class=\"jcepopup\" href=\"https:\/\/alzira.es\/wp-content\/uploads\/2020\/05\/Obertura_cementeri_111338.jpg\" target=\"_blank\" rel=\"noopener\"><br \/><\/a><a class=\"jcepopup\" href=\"https:\/\/alzira.es\/wp-content\/uploads\/2020\/05\/Obertura_cementeri_111338.jpg\" target=\"_blank\" rel=\"noopener\">&nbsp;<\/a><a class=\"jcepopup\" href=\"https:\/\/alzira.es\/wp-content\/uploads\/2020\/05\/Obertura_cementeri_111338.jpg\" target=\"_blank\" rel=\"noopener\"><br \/><\/a>&nbsp;<\/p>\n<p style=\"text-align: justify;\">&nbsp;<\/p>\n","protected":false},"excerpt":{"rendered":"<p>\u2022 El horario para visitas se limita de 9 a 13 horas todos los d\u00edas de la semana El decreto del estado de alarma ha obligado a tener cerradas las puertas del cementerio municipal desde el pasado 14 de marzo, ahora que nos encontramos en la fase 1 de la desescalada podr\u00e1n abrirse de nuevo. &hellip; <\/p>\n<p class=\"link-more\"><a href=\"https:\/\/alzira.es\/es\/obertura-cementeri\/\" class=\"more-link\">Continuar leyendo<span class=\"screen-reader-text\"> \u00abEl cementerio puede recibir visitas desde este mi\u00e9rcoles\u00bb<\/span><\/a><\/p>\n","protected":false},"author":29,"featured_media":49448,"comment_status":"","ping_status":"","sticky":false,"template":"","format":"standard","meta":{"_acf_changed":false,"footnotes":""},"categories":[4936],"tags":[],"class_list":["post-49453","post","type-post","status-publish","format-standard","has-post-thumbnail","hentry","category-hemeroteca-es"],"acf":[],"_links":{"self":[{"href":"https:\/\/alzira.es\/es\/wp-json\/wp\/v2\/posts\/49453","targetHints":{"allow":["GET"]}}],"collection":[{"href":"https:\/\/alzira.es\/es\/wp-json\/wp\/v2\/posts"}],"about":[{"href":"https:\/\/alzira.es\/es\/wp-json\/wp\/v2\/types\/post"}],"author":[{"embeddable":true,"href":"https:\/\/alzira.es\/es\/wp-json\/wp\/v2\/users\/29"}],"replies":[{"embeddable":true,"href":"https:\/\/alzira.es\/es\/wp-json\/wp\/v2\/comments?post=49453"}],"version-history":[{"count":0,"href":"https:\/\/alzira.es\/es\/wp-json\/wp\/v2\/posts\/49453\/revisions"}],"wp:featuredmedia":[{"embeddable":true,"href":"https:\/\/alzira.es\/es\/wp-json\/wp\/v2\/media\/49448"}],"wp:attachment":[{"href":"https:\/\/alzira.es\/es\/wp-json\/wp\/v2\/media?parent=49453"}],"wp:term":[{"taxonomy":"category","embeddable":true,"href":"https:\/\/alzira.es\/es\/wp-json\/wp\/v2\/categories?post=49453"},{"taxonomy":"post_tag","embeddable":true,"href":"https:\/\/alzira.es\/es\/wp-json\/wp\/v2\/tags?post=49453"}],"curies":[{"name":"wp","href":"https:\/\/api.w.org\/{rel}","templated":true}]}}