{"id":49410,"date":"2020-05-15T11:15:50","date_gmt":"2020-05-15T09:15:50","guid":{"rendered":"https:\/\/alzira.es\/educacio-trasllada-a-setembre-les-proves-de-certificacio-de-les-eoi\/"},"modified":"2020-05-15T11:15:50","modified_gmt":"2020-05-15T09:15:50","slug":"educacio-trasllada-a-setembre-les-proves-de-certificacio-de-les-eoi","status":"publish","type":"post","link":"https:\/\/alzira.es\/es\/educacio-trasllada-a-setembre-les-proves-de-certificacio-de-les-eoi\/","title":{"rendered":"Educaci\u00f3 trasllada a setembre les proves de certificaci\u00f3 de les EOI"},"content":{"rendered":"<div>\n<div>Traslladen a setembre les proves de certificaci\u00f3 de les EOI<\/div>\n<div>&nbsp;<\/div>\n<div>Tota la informaci\u00f3 es publicar\u00e0 en el portal web de les escoles oficials d\u2019idiomes, aix\u00ed com el procediment per a la devoluci\u00f3 de les taxes a les persones que ho sol\u00b7liciten perqu\u00e8 no poden fer la prova en les noves dates concretes que s\u2019establisquen al setembre.<\/div>\n<\/p><\/div>\n<div>&nbsp;<\/div>\n<div><a href=\"http:\/\/www.ceice.gva.es\/va\/inicio\/area_de_prensa\/not_detalle_area_prensa?id=858316\" target=\"_blank\" rel=\"noopener\">M\u00e9s informaci\u00f3<\/a>.<\/div>\n","protected":false},"excerpt":{"rendered":"<p>Traslladen a setembre les proves de certificaci\u00f3 de les EOI &nbsp; Tota la informaci\u00f3 es publicar\u00e0 en el portal web de les escoles oficials d\u2019idiomes, aix\u00ed com el procediment per a la devoluci\u00f3 de les taxes a les persones que ho sol\u00b7liciten perqu\u00e8 no poden fer la prova en les noves dates concretes que s\u2019establisquen &hellip; <\/p>\n<p class=\"link-more\"><a href=\"https:\/\/alzira.es\/es\/educacio-trasllada-a-setembre-les-proves-de-certificacio-de-les-eoi\/\" class=\"more-link\">Continuar leyendo<span class=\"screen-reader-text\"> \u00abEducaci\u00f3 trasllada a setembre les proves de certificaci\u00f3 de les EOI\u00bb<\/span><\/a><\/p>\n","protected":false},"author":20,"featured_media":0,"comment_status":"","ping_status":"","sticky":false,"template":"","format":"standard","meta":{"_acf_changed":false,"footnotes":""},"categories":[],"tags":[],"class_list":["post-49410","post","type-post","status-publish","format-standard","hentry"],"acf":[],"_links":{"self":[{"href":"https:\/\/alzira.es\/es\/wp-json\/wp\/v2\/posts\/49410","targetHints":{"allow":["GET"]}}],"collection":[{"href":"https:\/\/alzira.es\/es\/wp-json\/wp\/v2\/posts"}],"about":[{"href":"https:\/\/alzira.es\/es\/wp-json\/wp\/v2\/types\/post"}],"author":[{"embeddable":true,"href":"https:\/\/alzira.es\/es\/wp-json\/wp\/v2\/users\/20"}],"replies":[{"embeddable":true,"href":"https:\/\/alzira.es\/es\/wp-json\/wp\/v2\/comments?post=49410"}],"version-history":[{"count":0,"href":"https:\/\/alzira.es\/es\/wp-json\/wp\/v2\/posts\/49410\/revisions"}],"wp:attachment":[{"href":"https:\/\/alzira.es\/es\/wp-json\/wp\/v2\/media?parent=49410"}],"wp:term":[{"taxonomy":"category","embeddable":true,"href":"https:\/\/alzira.es\/es\/wp-json\/wp\/v2\/categories?post=49410"},{"taxonomy":"post_tag","embeddable":true,"href":"https:\/\/alzira.es\/es\/wp-json\/wp\/v2\/tags?post=49410"}],"curies":[{"name":"wp","href":"https:\/\/api.w.org\/{rel}","templated":true}]}}