{"id":49406,"date":"2020-05-15T10:45:30","date_gmt":"2020-05-15T08:45:30","guid":{"rendered":"https:\/\/alzira.es\/obert-termini-seeccio-alumnat-viatge-a-l-empleabilitat-d-idea-2\/"},"modified":"2020-05-15T10:45:30","modified_gmt":"2020-05-15T08:45:30","slug":"obert-termini-seeccio-alumnat-viatge-a-l-empleabilitat-d-idea-2","status":"publish","type":"post","link":"https:\/\/alzira.es\/es\/obert-termini-seeccio-alumnat-viatge-a-l-empleabilitat-d-idea-2\/","title":{"rendered":"Abierto el plazo de selecci\u00f3n del alumnado del programa Viaje a la Empleabilidad"},"content":{"rendered":"<p style=\"text-align: justify;\">2 Itinerarios formativos:<\/p>\n<p>&#8211;<strong> Fabriaci\u00f3 mec\u00e1nica\u200d\u200d<\/strong><br \/>&#8211; <strong>Restaurante y bar\u200d\u200d<\/strong><\/p>\n<p><strong>Plazo<\/strong>: desde el <strong>14 hasta el 27 de mayo<\/strong> de 2020<\/p>\n<p><span style=\"text-decoration: underline;\"><strong>Formas de inscripci\u00f3n:<\/strong><\/span><\/p>\n<p><strong>Telem\u00e1tica<\/strong>: a trav\u00e9s del Portal de la ciudadan\u00eda, del web del Ayuntamiento de Alzira: <strong><a href=\"index.php\/val\" target=\"_blank\" rel=\"noopener\">www.alzira.es<\/a><\/strong>:<\/p>\n<p>\u00b7 Con certificado digital: Tr\u00e1mite_Formaci\u00f3n: Selecci\u00f3n alumnas Viaje al Empleabilidad 2020<br \/>\u00b7 Sin certificado digital: Solicitud sin certificado digital.<\/p>\n<p><strong>Presencial en La Clave<\/strong>, solicitando cita previa en:<strong><a href=\"https:\/\/citaprevia.alzira.es\/#!\/es\/home\"> https:\/\/citaprevia.alzira.es\/#!\/hombre<\/a><\/strong><\/p>\n<p>M\u00e1s informaci\u00f3n en:<strong> <a href=\"https:\/\/www.idea-alzira.com\/viaje-a-la-empleabilidad\" target=\"_blank\" rel=\"noopener\">www.idea-alzira.com\/viaje-a-la-empleabilidad<\/a><\/strong><\/p>\n<p style=\"text-align: center;\"><img fetchpriority=\"high\" decoding=\"async\" width=\"960\" height=\"648\" class=\" size-full wp-image-49398\" src=\"https:\/\/alzira.es\/wp-content\/uploads\/2020\/05\/VIATGE_A_L_EMPLEABILITAT.jpg\" alt=\"VIATGE A L EMPLEABILITAT\" srcset=\"https:\/\/alzira.es\/wp-content\/uploads\/2020\/05\/VIATGE_A_L_EMPLEABILITAT.jpg 960w, https:\/\/alzira.es\/wp-content\/uploads\/2020\/05\/VIATGE_A_L_EMPLEABILITAT-680x459.jpg 680w, https:\/\/alzira.es\/wp-content\/uploads\/2020\/05\/VIATGE_A_L_EMPLEABILITAT-768x518.jpg 768w\" sizes=\"(max-width: 706px) 89vw, (max-width: 767px) 82vw, 740px\" \/><\/p>\n","protected":false},"excerpt":{"rendered":"<p>2 Itinerarios formativos: &#8211; Fabriaci\u00f3 mec\u00e1nica\u200d\u200d&#8211; Restaurante y bar\u200d\u200d Plazo: desde el 14 hasta el 27 de mayo de 2020 Formas de inscripci\u00f3n: Telem\u00e1tica: a trav\u00e9s del Portal de la ciudadan\u00eda, del web del Ayuntamiento de Alzira: www.alzira.es: \u00b7 Con certificado digital: Tr\u00e1mite_Formaci\u00f3n: Selecci\u00f3n alumnas Viaje al Empleabilidad 2020\u00b7 Sin certificado digital: Solicitud sin certificado &hellip; <\/p>\n<p class=\"link-more\"><a href=\"https:\/\/alzira.es\/es\/obert-termini-seeccio-alumnat-viatge-a-l-empleabilitat-d-idea-2\/\" class=\"more-link\">Continuar leyendo<span class=\"screen-reader-text\"> \u00abAbierto el plazo de selecci\u00f3n del alumnado del programa Viaje a la Empleabilidad\u00bb<\/span><\/a><\/p>\n","protected":false},"author":29,"featured_media":49398,"comment_status":"","ping_status":"","sticky":false,"template":"","format":"standard","meta":{"_acf_changed":false,"footnotes":""},"categories":[4936],"tags":[],"class_list":["post-49406","post","type-post","status-publish","format-standard","has-post-thumbnail","hentry","category-hemeroteca-es"],"acf":[],"_links":{"self":[{"href":"https:\/\/alzira.es\/es\/wp-json\/wp\/v2\/posts\/49406","targetHints":{"allow":["GET"]}}],"collection":[{"href":"https:\/\/alzira.es\/es\/wp-json\/wp\/v2\/posts"}],"about":[{"href":"https:\/\/alzira.es\/es\/wp-json\/wp\/v2\/types\/post"}],"author":[{"embeddable":true,"href":"https:\/\/alzira.es\/es\/wp-json\/wp\/v2\/users\/29"}],"replies":[{"embeddable":true,"href":"https:\/\/alzira.es\/es\/wp-json\/wp\/v2\/comments?post=49406"}],"version-history":[{"count":0,"href":"https:\/\/alzira.es\/es\/wp-json\/wp\/v2\/posts\/49406\/revisions"}],"wp:featuredmedia":[{"embeddable":true,"href":"https:\/\/alzira.es\/es\/wp-json\/wp\/v2\/media\/49398"}],"wp:attachment":[{"href":"https:\/\/alzira.es\/es\/wp-json\/wp\/v2\/media?parent=49406"}],"wp:term":[{"taxonomy":"category","embeddable":true,"href":"https:\/\/alzira.es\/es\/wp-json\/wp\/v2\/categories?post=49406"},{"taxonomy":"post_tag","embeddable":true,"href":"https:\/\/alzira.es\/es\/wp-json\/wp\/v2\/tags?post=49406"}],"curies":[{"name":"wp","href":"https:\/\/api.w.org\/{rel}","templated":true}]}}