{"id":49397,"date":"2020-05-15T09:21:06","date_gmt":"2020-05-15T07:21:06","guid":{"rendered":"https:\/\/alzira.es\/educacio-proposa-que-l-actual-curs-escolar-finalitze-amb-la-formacio-a-distancia-mitjancant-mulan\/"},"modified":"2020-05-15T09:21:06","modified_gmt":"2020-05-15T07:21:06","slug":"educacio-proposa-que-l-actual-curs-escolar-finalitze-amb-la-formacio-a-distancia-mitjancant-mulan","status":"publish","type":"post","link":"https:\/\/alzira.es\/es\/educacio-proposa-que-l-actual-curs-escolar-finalitze-amb-la-formacio-a-distancia-mitjancant-mulan\/","title":{"rendered":"Educaci\u00f3 proposa que l&#8217;actual curs escolar finalitze amb la formaci\u00f3 a dist\u00e0ncia mitjan\u00e7ant MULAN"},"content":{"rendered":"<div>Educaci\u00f3 ha traslladat al Ministerio de Educaci\u00f3n y Formaci\u00f3n Profesional diferents propostes espec\u00edfiques per a les diferents etapes educatives.<\/div>\n<div>&nbsp;<\/div>\n<div>Vicent Marz\u00e0: \u00abLa nostra proposta \u00e9s que l&#8217;alumnat valenci\u00e0 finalitze el curs amb l&#8217;acompanyament del seu professorat en la formaci\u00f3 a dist\u00e0ncia. Quan s&#8217;active la fase 2 de desescalada, l&#8217;alumnat podr\u00e0 anar al centre educatiu per q\u00fcestions espec\u00edfiques, segons l&#8217;etapa educativa i respectant les recomanacions de les autoritats sanit\u00e0ries\u00bb.<\/div>\n<div>&nbsp;<\/div>\n<div>A m\u00e9s, el conseller ha demanat l&#8217;augment de fons econ\u00f2mics estatals espec\u00edfics en mat\u00e8ria educativa i sol\u00b7licita a la ministra d&#8217;Educaci\u00f3 que s&#8217;organitze un grup de treball espec\u00edfic per a coordinar conjuntament l&#8217;inici del pr\u00f2xim curs.<\/div>\n<div>&nbsp;<\/div>\n<div><a href=\"http:\/\/www.ceice.gva.es\/va\/inicio\/area_de_prensa\/not_detalle_area_prensa?id=858252\" target=\"_blank\" rel=\"noopener\">Tota la informaci\u00f3<\/a>&nbsp;<\/div>\n","protected":false},"excerpt":{"rendered":"<p>Educaci\u00f3 ha traslladat al Ministerio de Educaci\u00f3n y Formaci\u00f3n Profesional diferents propostes espec\u00edfiques per a les diferents etapes educatives. &nbsp; Vicent Marz\u00e0: \u00abLa nostra proposta \u00e9s que l&#8217;alumnat valenci\u00e0 finalitze el curs amb l&#8217;acompanyament del seu professorat en la formaci\u00f3 a dist\u00e0ncia. Quan s&#8217;active la fase 2 de desescalada, l&#8217;alumnat podr\u00e0 anar al centre educatiu &hellip; <\/p>\n<p class=\"link-more\"><a href=\"https:\/\/alzira.es\/es\/educacio-proposa-que-l-actual-curs-escolar-finalitze-amb-la-formacio-a-distancia-mitjancant-mulan\/\" class=\"more-link\">Continuar leyendo<span class=\"screen-reader-text\"> \u00abEducaci\u00f3 proposa que l&#8217;actual curs escolar finalitze amb la formaci\u00f3 a dist\u00e0ncia mitjan\u00e7ant MULAN\u00bb<\/span><\/a><\/p>\n","protected":false},"author":20,"featured_media":0,"comment_status":"","ping_status":"","sticky":false,"template":"","format":"standard","meta":{"_acf_changed":false,"footnotes":""},"categories":[],"tags":[],"class_list":["post-49397","post","type-post","status-publish","format-standard","hentry"],"acf":[],"_links":{"self":[{"href":"https:\/\/alzira.es\/es\/wp-json\/wp\/v2\/posts\/49397","targetHints":{"allow":["GET"]}}],"collection":[{"href":"https:\/\/alzira.es\/es\/wp-json\/wp\/v2\/posts"}],"about":[{"href":"https:\/\/alzira.es\/es\/wp-json\/wp\/v2\/types\/post"}],"author":[{"embeddable":true,"href":"https:\/\/alzira.es\/es\/wp-json\/wp\/v2\/users\/20"}],"replies":[{"embeddable":true,"href":"https:\/\/alzira.es\/es\/wp-json\/wp\/v2\/comments?post=49397"}],"version-history":[{"count":0,"href":"https:\/\/alzira.es\/es\/wp-json\/wp\/v2\/posts\/49397\/revisions"}],"wp:attachment":[{"href":"https:\/\/alzira.es\/es\/wp-json\/wp\/v2\/media?parent=49397"}],"wp:term":[{"taxonomy":"category","embeddable":true,"href":"https:\/\/alzira.es\/es\/wp-json\/wp\/v2\/categories?post=49397"},{"taxonomy":"post_tag","embeddable":true,"href":"https:\/\/alzira.es\/es\/wp-json\/wp\/v2\/tags?post=49397"}],"curies":[{"name":"wp","href":"https:\/\/api.w.org\/{rel}","templated":true}]}}