{"id":49389,"date":"2020-05-13T13:33:32","date_gmt":"2020-05-13T11:33:32","guid":{"rendered":"https:\/\/alzira.es\/educacio-envia-el-tercer-val-beca-menjador-a-prop-de-60-000-alumnes\/"},"modified":"2020-05-13T13:33:32","modified_gmt":"2020-05-13T11:33:32","slug":"educacio-envia-el-tercer-val-beca-menjador-a-prop-de-60-000-alumnes","status":"publish","type":"post","link":"https:\/\/alzira.es\/es\/educacio-envia-el-tercer-val-beca-menjador-a-prop-de-60-000-alumnes\/","title":{"rendered":"Educaci\u00f3 envia el tercer val-beca menjador a prop de 60.000 alumnes"},"content":{"rendered":"<p>Envien el tercer val-beca menjador prop de 60.000 alumnes.<\/p>\n<p>Aquest val-beca menjador es podr\u00e0 intercanviar fins al 27 de maig, per valor de 60 euros, per a adquirir aliments b\u00e0sics dels establiments de Consum i Charter.<\/p>\n<p><a href=\"Educaci\u00f3%20envia%20el%20tercer%20val-beca%20menjador%20a%20prop%20de%2060.000%20alumnes\" target=\"_blank\" rel=\"noopener\">M\u00e9s informaci\u00f3<\/a><\/p>\n","protected":false},"excerpt":{"rendered":"<p>Envien el tercer val-beca menjador prop de 60.000 alumnes. Aquest val-beca menjador es podr\u00e0 intercanviar fins al 27 de maig, per valor de 60 euros, per a adquirir aliments b\u00e0sics dels establiments de Consum i Charter. M\u00e9s informaci\u00f3<\/p>\n","protected":false},"author":20,"featured_media":0,"comment_status":"","ping_status":"","sticky":false,"template":"","format":"standard","meta":{"_acf_changed":false,"footnotes":""},"categories":[],"tags":[],"class_list":["post-49389","post","type-post","status-publish","format-standard","hentry"],"acf":[],"_links":{"self":[{"href":"https:\/\/alzira.es\/es\/wp-json\/wp\/v2\/posts\/49389","targetHints":{"allow":["GET"]}}],"collection":[{"href":"https:\/\/alzira.es\/es\/wp-json\/wp\/v2\/posts"}],"about":[{"href":"https:\/\/alzira.es\/es\/wp-json\/wp\/v2\/types\/post"}],"author":[{"embeddable":true,"href":"https:\/\/alzira.es\/es\/wp-json\/wp\/v2\/users\/20"}],"replies":[{"embeddable":true,"href":"https:\/\/alzira.es\/es\/wp-json\/wp\/v2\/comments?post=49389"}],"version-history":[{"count":0,"href":"https:\/\/alzira.es\/es\/wp-json\/wp\/v2\/posts\/49389\/revisions"}],"wp:attachment":[{"href":"https:\/\/alzira.es\/es\/wp-json\/wp\/v2\/media?parent=49389"}],"wp:term":[{"taxonomy":"category","embeddable":true,"href":"https:\/\/alzira.es\/es\/wp-json\/wp\/v2\/categories?post=49389"},{"taxonomy":"post_tag","embeddable":true,"href":"https:\/\/alzira.es\/es\/wp-json\/wp\/v2\/tags?post=49389"}],"curies":[{"name":"wp","href":"https:\/\/api.w.org\/{rel}","templated":true}]}}