{"id":49374,"date":"2020-05-12T13:06:29","date_gmt":"2020-05-12T11:06:29","guid":{"rendered":"https:\/\/alzira.es\/les-proves-d-acces-per-a-cursar-ensenyaments-esportius-es-duran-a-terme-del-15-al-18-de-setembre\/"},"modified":"2020-05-12T13:06:29","modified_gmt":"2020-05-12T11:06:29","slug":"les-proves-d-acces-per-a-cursar-ensenyaments-esportius-es-duran-a-terme-del-15-al-18-de-setembre","status":"publish","type":"post","link":"https:\/\/alzira.es\/es\/les-proves-d-acces-per-a-cursar-ensenyaments-esportius-es-duran-a-terme-del-15-al-18-de-setembre\/","title":{"rendered":"Les proves d&#8217;acc\u00e9s per a cursar ensenyaments esportius es duran a terme del 15 al 18 de setembre"},"content":{"rendered":"<p>Les proves d&#8217;acc\u00e9s per a cursar ensenyaments esportius es duran a terme del 15 al 18 de setembre.<\/p>\n<p>El per\u00edode d&#8217;inscripci\u00f3 ser\u00e0 del 20 al 29 de juliol i de l&#8217;1 al 4 de setembre.<\/p>\n<p>Les sol\u00b7licituds d&#8217;inscripci\u00f3 i la documentaci\u00f3 requerida es podr\u00e0 remetre per correu electr\u00f2nic a la secretaria dels centres docents on es vol fer la prova.<\/p>\n<p><a href=\"http:\/\/www.ceice.gva.es\/va\/inicio\/area_de_prensa\/not_detalle_area_prensa?id=858096\" target=\"_blank\" rel=\"noopener\">Llig m\u00e9s<\/a><\/p>\n<p><a href=\"http:\/\/www.dogv.gva.es\/datos\/2020\/05\/12\/pdf\/2020_3284.pdf?platform=hootsuite\" target=\"_blank\" rel=\"noopener\">Resoluci\u00f3 del DOGV<\/a><\/p>\n","protected":false},"excerpt":{"rendered":"<p>Les proves d&#8217;acc\u00e9s per a cursar ensenyaments esportius es duran a terme del 15 al 18 de setembre. El per\u00edode d&#8217;inscripci\u00f3 ser\u00e0 del 20 al 29 de juliol i de l&#8217;1 al 4 de setembre. Les sol\u00b7licituds d&#8217;inscripci\u00f3 i la documentaci\u00f3 requerida es podr\u00e0 remetre per correu electr\u00f2nic a la secretaria dels centres docents on &hellip; <\/p>\n<p class=\"link-more\"><a href=\"https:\/\/alzira.es\/es\/les-proves-d-acces-per-a-cursar-ensenyaments-esportius-es-duran-a-terme-del-15-al-18-de-setembre\/\" class=\"more-link\">Continuar leyendo<span class=\"screen-reader-text\"> \u00abLes proves d&#8217;acc\u00e9s per a cursar ensenyaments esportius es duran a terme del 15 al 18 de setembre\u00bb<\/span><\/a><\/p>\n","protected":false},"author":20,"featured_media":0,"comment_status":"","ping_status":"","sticky":false,"template":"","format":"standard","meta":{"_acf_changed":false,"footnotes":""},"categories":[],"tags":[],"class_list":["post-49374","post","type-post","status-publish","format-standard","hentry"],"acf":[],"_links":{"self":[{"href":"https:\/\/alzira.es\/es\/wp-json\/wp\/v2\/posts\/49374","targetHints":{"allow":["GET"]}}],"collection":[{"href":"https:\/\/alzira.es\/es\/wp-json\/wp\/v2\/posts"}],"about":[{"href":"https:\/\/alzira.es\/es\/wp-json\/wp\/v2\/types\/post"}],"author":[{"embeddable":true,"href":"https:\/\/alzira.es\/es\/wp-json\/wp\/v2\/users\/20"}],"replies":[{"embeddable":true,"href":"https:\/\/alzira.es\/es\/wp-json\/wp\/v2\/comments?post=49374"}],"version-history":[{"count":0,"href":"https:\/\/alzira.es\/es\/wp-json\/wp\/v2\/posts\/49374\/revisions"}],"wp:attachment":[{"href":"https:\/\/alzira.es\/es\/wp-json\/wp\/v2\/media?parent=49374"}],"wp:term":[{"taxonomy":"category","embeddable":true,"href":"https:\/\/alzira.es\/es\/wp-json\/wp\/v2\/categories?post=49374"},{"taxonomy":"post_tag","embeddable":true,"href":"https:\/\/alzira.es\/es\/wp-json\/wp\/v2\/tags?post=49374"}],"curies":[{"name":"wp","href":"https:\/\/api.w.org\/{rel}","templated":true}]}}