{"id":49366,"date":"2020-05-12T12:55:58","date_gmt":"2020-05-12T10:55:58","guid":{"rendered":"https:\/\/alzira.es\/educacio-fixa-el-19-de-juny-per-a-realitzar-les-proves-d-obtencio-del-titol-d-eso-per-a-majors-de-18-anys\/"},"modified":"2020-05-12T12:55:58","modified_gmt":"2020-05-12T10:55:58","slug":"educacio-fixa-el-19-de-juny-per-a-realitzar-les-proves-d-obtencio-del-titol-d-eso-per-a-majors-de-18-anys","status":"publish","type":"post","link":"https:\/\/alzira.es\/es\/educacio-fixa-el-19-de-juny-per-a-realitzar-les-proves-d-obtencio-del-titol-d-eso-per-a-majors-de-18-anys\/","title":{"rendered":"Educaci\u00f3 fixa el 19 de juny per a realitzar les proves d&#8217;obtenci\u00f3 del t\u00edtol d&#8217;ESO per a majors de 18 anys"},"content":{"rendered":"<div><span style=\"color: #000000;\"><span style=\"color: #000000;\"><\/span><\/span> <\/p>\n<div>La Generalitat Valenciana declara d&#8217;inter\u00e9s general la represa dels tr\u00e0mits per a la realitzaci\u00f3 de la segona convocat\u00f2ria anual, que es va suspendre per l&#8217;estat d&#8217;emerg\u00e8ncia sanit\u00e0ria.<\/div>\n<p> <span style=\"color: #000000;\"><span style=\"color: #000000;\"><\/span><\/span> <\/p>\n<div>&nbsp;<\/div>\n<p> <span style=\"color: #000000;\"><span style=\"color: #000000;\"><\/span><\/span> <\/p>\n<div>Els ex\u00e0mens es duran a terme seguint les instruccions de les autoritats sanit\u00e0ries per a garantir la seguretat tant dels i les aspirants com del professorat que porta a terme les proves.<\/div>\n<\/p><\/div>\n<div><span style=\"color: #000000;\">&nbsp;<\/span><\/div>\n<div><span style=\"color: #000000;\"><a href=\"http:\/\/www.ceice.gva.es\/es\/inicio\/area_de_prensa\/not_detalle_area_prensa?id=858097\" target=\"_blank\" rel=\"noopener\">M\u00e9s informaci\u00f3<\/a><a href=\"http:\/\/ow.ly\/d56g30qfi9c\" target=\"_blank\" rel=\"noopener\"><span style=\"color: #000000;\"><br \/><\/span><\/a><a href=\"http:\/\/ow.ly\/d56g30qfi9c\"><\/a><\/span><\/div>\n<div>&nbsp;<\/div>\n<div><a href=\"http:\/\/www.dogv.gva.es\/datos\/2020\/05\/12\/pdf\/2020_3306.pdf?platform=hootsuite\" target=\"_blank\" rel=\"noopener\"><span style=\"color: #000000;\">Resoluci\u00f3 del DOGV<\/span><\/a><\/div>\n","protected":false},"excerpt":{"rendered":"<p>La Generalitat Valenciana declara d&#8217;inter\u00e9s general la represa dels tr\u00e0mits per a la realitzaci\u00f3 de la segona convocat\u00f2ria anual, que es va suspendre per l&#8217;estat d&#8217;emerg\u00e8ncia sanit\u00e0ria. &nbsp; Els ex\u00e0mens es duran a terme seguint les instruccions de les autoritats sanit\u00e0ries per a garantir la seguretat tant dels i les aspirants com del professorat que &hellip; <\/p>\n<p class=\"link-more\"><a href=\"https:\/\/alzira.es\/es\/educacio-fixa-el-19-de-juny-per-a-realitzar-les-proves-d-obtencio-del-titol-d-eso-per-a-majors-de-18-anys\/\" class=\"more-link\">Continuar leyendo<span class=\"screen-reader-text\"> \u00abEducaci\u00f3 fixa el 19 de juny per a realitzar les proves d&#8217;obtenci\u00f3 del t\u00edtol d&#8217;ESO per a majors de 18 anys\u00bb<\/span><\/a><\/p>\n","protected":false},"author":20,"featured_media":0,"comment_status":"","ping_status":"","sticky":false,"template":"","format":"standard","meta":{"_acf_changed":false,"footnotes":""},"categories":[],"tags":[],"class_list":["post-49366","post","type-post","status-publish","format-standard","hentry"],"acf":[],"_links":{"self":[{"href":"https:\/\/alzira.es\/es\/wp-json\/wp\/v2\/posts\/49366","targetHints":{"allow":["GET"]}}],"collection":[{"href":"https:\/\/alzira.es\/es\/wp-json\/wp\/v2\/posts"}],"about":[{"href":"https:\/\/alzira.es\/es\/wp-json\/wp\/v2\/types\/post"}],"author":[{"embeddable":true,"href":"https:\/\/alzira.es\/es\/wp-json\/wp\/v2\/users\/20"}],"replies":[{"embeddable":true,"href":"https:\/\/alzira.es\/es\/wp-json\/wp\/v2\/comments?post=49366"}],"version-history":[{"count":0,"href":"https:\/\/alzira.es\/es\/wp-json\/wp\/v2\/posts\/49366\/revisions"}],"wp:attachment":[{"href":"https:\/\/alzira.es\/es\/wp-json\/wp\/v2\/media?parent=49366"}],"wp:term":[{"taxonomy":"category","embeddable":true,"href":"https:\/\/alzira.es\/es\/wp-json\/wp\/v2\/categories?post=49366"},{"taxonomy":"post_tag","embeddable":true,"href":"https:\/\/alzira.es\/es\/wp-json\/wp\/v2\/tags?post=49366"}],"curies":[{"name":"wp","href":"https:\/\/api.w.org\/{rel}","templated":true}]}}