{"id":49354,"date":"2020-05-12T12:12:02","date_gmt":"2020-05-12T10:12:02","guid":{"rendered":"https:\/\/alzira.es\/alzira-continua-amb-els-tractaments-periodics-per-al-mosquit-tigre-2\/"},"modified":"2020-05-12T12:12:02","modified_gmt":"2020-05-12T10:12:02","slug":"alzira-continua-amb-els-tractaments-periodics-per-al-mosquit-tigre-2","status":"publish","type":"post","link":"https:\/\/alzira.es\/es\/alzira-continua-amb-els-tractaments-periodics-per-al-mosquit-tigre-2\/","title":{"rendered":"Alzira continua amb els tractaments peri\u00f2dics per al mosquit tigre"},"content":{"rendered":"<p style=\"text-align: justify;\"><strong>Des de la Regidoria de Sanitat de l&#8217;Ajuntament d&#8217;Alzira es treballa per previndre el mosquit tigre i mosca negra<\/strong>. Amb el canvi estacional i l&#8217;augment de les temperatures comen\u00e7a la proliferaci\u00f3 d&#8217;estos insectes.<\/p>\n<p style=\"text-align: justify;\">Per aix\u00f2, des de l&#8217;Ajuntament junt amb l&#8217;empresa Lok\u00edmica s&#8217;ha procedit al tractament herbicida per a la mosca negra i el tractament en embornals per al mosquit tigre. Des del mes d&#8217;abril s&#8217;estan revisant tots els embornals. El procediment consistix a traure una mostra d&#8217;aigua i si hi ha pres\u00e8ncia de larves, apliquen el tractament. Els treballs s&#8217;estan realitzant setmanalment en zones d&#8217;acumulaci\u00f3 d&#8217;aigua i zones verdes com parcs i jardins. A m\u00e9s tamb\u00e9 s&#8217;ha sol\u00b7licitat autoritzaci\u00f3 per a les fumigacions a\u00e8ries.<\/p>\n<p style=\"text-align: justify;\">La ciutadania tamb\u00e9 pot col\u00b7laborar per frenar la proliferaci\u00f3 d&#8217;estos insectes. Des de la regidoria de Sanitat es recomana evitar els recipients que puguen acumular aigua estancada (poals, cendrers, plats de plantes&#8230;), mantindre els nivells de clor adequats a les piscines, protegir els pous i aljubs amb malles mosquiteres, vigilar el reg per goteig, renovar di\u00e0riament l&#8217;aigua dels abeuradors dels animals i tirar aigua als albellons setmanalment.<\/p>\n<p style=\"text-align: justify;\">La regidora de Sanitat, <strong>Gemma Al\u00f3s<\/strong>, ha manifestat que<em> \u00ab\u00c9s necess\u00e0ria la conscienciaci\u00f3 de tota la ciutadania perqu\u00e8 al voltant del 80% de la reproducci\u00f3 del mosquit tigre \u00e9s en espais privats; a m\u00e9s tenim temperatures molt altes que afavoreixen la proliferaci\u00f3\u00bb<\/em>. L&#8217;edil tamb\u00e9 ha assenyalat que <em>\u00abSi els ve\u00efns i ve\u00efnes detecten pres\u00e8ncia de mosquit tigre als seus barris, ens ho poden comunicar mitjan\u00e7ant la b\u00fastia de la ciutadania o per la Clau. Han d&#8217;indicar en quina zona ho han detectat i des de la regidoria de Sanitat s&#8217;avisar\u00e0 a l&#8217;empresa Lok\u00edmica perqu\u00e8 ho revisen\u00bb<\/em>.<\/p>\n<p style=\"text-align: center;\">&nbsp;<a href=\"https:\/\/alzira.es\/wp-content\/uploads\/2020\/05\/Cartells_Mosquit_Tigre_Manco.pdf\" target=\"_blank\" rel=\"noopener\"><img fetchpriority=\"high\" decoding=\"async\" width=\"909\" height=\"921\" class=\" size-full wp-image-49348\" src=\"https:\/\/alzira.es\/wp-content\/uploads\/2020\/05\/informacio_i_prevencio_del_mosquit_tigre.png\" alt=\"informacio i prevencio del mosquit tigre\" srcset=\"https:\/\/alzira.es\/wp-content\/uploads\/2020\/05\/informacio_i_prevencio_del_mosquit_tigre.png 909w, https:\/\/alzira.es\/wp-content\/uploads\/2020\/05\/informacio_i_prevencio_del_mosquit_tigre-503x510.png 503w, https:\/\/alzira.es\/wp-content\/uploads\/2020\/05\/informacio_i_prevencio_del_mosquit_tigre-768x778.png 768w, https:\/\/alzira.es\/wp-content\/uploads\/2020\/05\/informacio_i_prevencio_del_mosquit_tigre-100x100.png 100w\" sizes=\"(max-width: 706px) 89vw, (max-width: 767px) 82vw, 740px\" \/><\/a><\/p>\n","protected":false},"excerpt":{"rendered":"<p>Des de la Regidoria de Sanitat de l&#8217;Ajuntament d&#8217;Alzira es treballa per previndre el mosquit tigre i mosca negra. Amb el canvi estacional i l&#8217;augment de les temperatures comen\u00e7a la proliferaci\u00f3 d&#8217;estos insectes. Per aix\u00f2, des de l&#8217;Ajuntament junt amb l&#8217;empresa Lok\u00edmica s&#8217;ha procedit al tractament herbicida per a la mosca negra i el tractament &hellip; <\/p>\n<p class=\"link-more\"><a href=\"https:\/\/alzira.es\/es\/alzira-continua-amb-els-tractaments-periodics-per-al-mosquit-tigre-2\/\" class=\"more-link\">Continuar leyendo<span class=\"screen-reader-text\"> \u00abAlzira continua amb els tractaments peri\u00f2dics per al mosquit tigre\u00bb<\/span><\/a><\/p>\n","protected":false},"author":29,"featured_media":0,"comment_status":"","ping_status":"","sticky":false,"template":"","format":"standard","meta":{"_acf_changed":false,"footnotes":""},"categories":[],"tags":[],"class_list":["post-49354","post","type-post","status-publish","format-standard","hentry"],"acf":[],"_links":{"self":[{"href":"https:\/\/alzira.es\/es\/wp-json\/wp\/v2\/posts\/49354","targetHints":{"allow":["GET"]}}],"collection":[{"href":"https:\/\/alzira.es\/es\/wp-json\/wp\/v2\/posts"}],"about":[{"href":"https:\/\/alzira.es\/es\/wp-json\/wp\/v2\/types\/post"}],"author":[{"embeddable":true,"href":"https:\/\/alzira.es\/es\/wp-json\/wp\/v2\/users\/29"}],"replies":[{"embeddable":true,"href":"https:\/\/alzira.es\/es\/wp-json\/wp\/v2\/comments?post=49354"}],"version-history":[{"count":0,"href":"https:\/\/alzira.es\/es\/wp-json\/wp\/v2\/posts\/49354\/revisions"}],"wp:attachment":[{"href":"https:\/\/alzira.es\/es\/wp-json\/wp\/v2\/media?parent=49354"}],"wp:term":[{"taxonomy":"category","embeddable":true,"href":"https:\/\/alzira.es\/es\/wp-json\/wp\/v2\/categories?post=49354"},{"taxonomy":"post_tag","embeddable":true,"href":"https:\/\/alzira.es\/es\/wp-json\/wp\/v2\/tags?post=49354"}],"curies":[{"name":"wp","href":"https:\/\/api.w.org\/{rel}","templated":true}]}}