{"id":49334,"date":"2020-05-11T15:05:39","date_gmt":"2020-05-11T13:05:39","guid":{"rendered":"https:\/\/alzira.es\/ajudes-autonoms\/"},"modified":"2020-05-11T15:05:39","modified_gmt":"2020-05-11T13:05:39","slug":"ajudes-autonoms","status":"publish","type":"post","link":"https:\/\/alzira.es\/es\/ajudes-autonoms\/","title":{"rendered":"Hasta el 26 de mayo los aut\u00f3nomos podr\u00e1n pedir las ayudas del Ayuntamiento de Alzira"},"content":{"rendered":"<p><strong>A partir de ma\u00f1ana y hasta el 26 de mayo se abre el plazo para solicitar las ayudas destinadas a los aut\u00f3nomos y aut\u00f3nomas para hacer frente a los efectos originados por el coronavirus COVID-19 y para la reactivaci\u00f3n econ\u00f3mica en el municipio de Alzira<\/strong>.<\/p>\n<p style=\"text-align: center;\"><a class=\"jcepopup\" style=\"font-size: 14.4px; text-align: center;\" href=\"https:\/\/alzira.es\/wp-content\/uploads\/2020\/05\/ayudas_a_autonomos_mayo_val.jpg\" target=\"_blank\" rel=\"noopener\"><img fetchpriority=\"high\" decoding=\"async\" class=\" size-full wp-image-49328\" src=\"https:\/\/alzira.es\/wp-content\/uploads\/2020\/05\/ayudas_a_autonomos_mayo_val.jpg\" alt=\"ayudas a autonomos mayo val\" width=\"300\" height=\"345\" srcset=\"https:\/\/alzira.es\/wp-content\/uploads\/2020\/05\/ayudas_a_autonomos_mayo_val.jpg 1000w, https:\/\/alzira.es\/wp-content\/uploads\/2020\/05\/ayudas_a_autonomos_mayo_val-444x510.jpg 444w, https:\/\/alzira.es\/wp-content\/uploads\/2020\/05\/ayudas_a_autonomos_mayo_val-934x1072.jpg 934w, https:\/\/alzira.es\/wp-content\/uploads\/2020\/05\/ayudas_a_autonomos_mayo_val-768x882.jpg 768w\" sizes=\"(max-width: 300px) 100vw, 300px\" \/><\/a>&nbsp;<a class=\"jcepopup\" style=\"font-size: 14.4px; text-align: center;\" type=\"image\" href=\"https:\/\/alzira.es\/wp-content\/uploads\/2020\/05\/ayudas_a_autonomos_mayo_cast.jpg\" target=\"_blank\" rel=\"noopener\"><img decoding=\"async\" class=\"size-full wp-image-49330 lazyload\" data-src=\"https:\/\/alzira.es\/wp-content\/uploads\/2020\/05\/ayudas_a_autonomos_mayo_cast.jpg\" alt=\"ayudas a autonomos mayo cast\" width=\"300\" height=\"345\" data-srcset=\"https:\/\/alzira.es\/wp-content\/uploads\/2020\/05\/ayudas_a_autonomos_mayo_cast.jpg 1000w, https:\/\/alzira.es\/wp-content\/uploads\/2020\/05\/ayudas_a_autonomos_mayo_cast-444x510.jpg 444w, https:\/\/alzira.es\/wp-content\/uploads\/2020\/05\/ayudas_a_autonomos_mayo_cast-934x1072.jpg 934w, https:\/\/alzira.es\/wp-content\/uploads\/2020\/05\/ayudas_a_autonomos_mayo_cast-768x882.jpg 768w\" data-sizes=\"(max-width: 300px) 100vw, 300px\" src=\"data:image\/svg+xml;base64,PHN2ZyB3aWR0aD0iMSIgaGVpZ2h0PSIxIiB4bWxucz0iaHR0cDovL3d3dy53My5vcmcvMjAwMC9zdmciPjwvc3ZnPg==\" style=\"--smush-placeholder-width: 300px; --smush-placeholder-aspect-ratio: 300\/345;\" \/><\/a><\/p>\n<p>La cuant\u00eda m\u00e1xima por beneficiario ser\u00e1 de 300 euros La dotaci\u00f3n de estas ayudas para la reactivaci\u00f3n econ\u00f3mica con fondos propios del Ayuntamiento asciende a un importe global m\u00e1ximo de 305.000 euros.<\/p>\n<p><em>\u00abLa finalidad de estas ayudas es reducir el impacto econ\u00f3mico negativo que se ha generado a nuestros comercios y aut\u00f3nomos y proteger el inter\u00e9s general. Queremos contribuir a que la vida econ\u00f3mica de nuestra ciudad se reactive cuanto antes mejor. Si abrimos ya la solicitud de estas ayudas es posible que al final del mes podamos pagarlas\u00bb<\/em> asegura el alcalde de la ciudad <strong>Diego G\u00f3mez<\/strong>.<\/p>\n<p><strong>Los requisitos para poder pedirla son<\/strong>:<\/p>\n<p>&gt; Haber figurado ininterrumpidamente de alta en el R\u00e9gimen Especial de Trabajadores Aut\u00f3nomos entre el 31 de diciembre de 2019 y el 14 de marzo de 2020.<br \/>&gt; Haber suspendido la actividad por la declaraci\u00f3n del estado de alarma o en caso de mantener la actividad, haber reducido la facturaci\u00f3n correspondiente al mes anterior a la solicitud de la ayuda en, al menos, un 75 por ciento respecto de la media facturada en el semestre natural anterior a la declaraci\u00f3n del estado de alarma.<br \/>&gt; Tener el domicilio fiscal y, en su caso, el local comercial en Alzira.<\/p>\n<p>Los interesantes a pedir la ayuda tienen que solicitarla por v\u00eda telem\u00e1tica, a trav\u00e9s de nuestra sede electr\u00f3nica a la cual se podr\u00e1 acceder en la siguiente direcci\u00f3n: <strong><a href=\"https:\/\/sedeelectronica.alzira.es\/alzira_vpm\/index.php\/es\/sede-electronica\" target=\"_blank\" rel=\"noopener\">https:\/\/sedeelectronica.alzira.es<\/a><\/strong>, hay que buscar en el cat\u00e1logo de tr\u00e1mites COVID 19 y seleccionar ayudas a Aut\u00f3nomos.<\/p>\n<p>Para la tramitaci\u00f3n telem\u00e1tica tendr\u00e1 que disponer de certificado electr\u00f3nico. En caso de no tenerlo, puede presentarlo mediante la representaci\u00f3n a trav\u00e9s de persona que si dispone del certificado, acreditando la representaci\u00f3n.<\/p>\n<p style=\"text-align: center;\"><a href=\"https:\/\/sedeelectronica.alzira.es\/PortalCiudadano\/tramites\/tramite.do?formAction=btShow&amp;t=3737\" target=\"_blank\" rel=\"noopener\"><img decoding=\"async\" width=\"819\" height=\"218\" class=\"size-full wp-image-49332 lazyload\" data-src=\"https:\/\/alzira.es\/wp-content\/uploads\/2020\/05\/ajudes_a_persones_autonomes.PNG\" alt=\"ajudes a persones autonomes\" data-srcset=\"https:\/\/alzira.es\/wp-content\/uploads\/2020\/05\/ajudes_a_persones_autonomes.PNG 819w, https:\/\/alzira.es\/wp-content\/uploads\/2020\/05\/ajudes_a_persones_autonomes-680x181.png 680w, https:\/\/alzira.es\/wp-content\/uploads\/2020\/05\/ajudes_a_persones_autonomes-768x204.png 768w\" data-sizes=\"(max-width: 706px) 89vw, (max-width: 767px) 82vw, 740px\" src=\"data:image\/svg+xml;base64,PHN2ZyB3aWR0aD0iMSIgaGVpZ2h0PSIxIiB4bWxucz0iaHR0cDovL3d3dy53My5vcmcvMjAwMC9zdmciPjwvc3ZnPg==\" style=\"--smush-placeholder-width: 819px; --smush-placeholder-aspect-ratio: 819\/218;\" \/><\/a><\/p>\n<p>Puedes consultar las bases de estas ayudas a&nbsp;<strong><a href=\"index.php\/es\/presentacion-aeconomica\/noticias-aeconomica\/12015-convocatoria-de-ayudas-para-las-personas-autonomas\" target=\"_blank\" rel=\"noopener\"><span style=\"font-size: 14pt;\">aqui<\/span>&nbsp;<\/a><\/strong><\/p>\n","protected":false},"excerpt":{"rendered":"<p>A partir de ma\u00f1ana y hasta el 26 de mayo se abre el plazo para solicitar las ayudas destinadas a los aut\u00f3nomos y aut\u00f3nomas para hacer frente a los efectos originados por el coronavirus COVID-19 y para la reactivaci\u00f3n econ\u00f3mica en el municipio de Alzira. &nbsp; La cuant\u00eda m\u00e1xima por beneficiario ser\u00e1 de 300 euros &hellip; <\/p>\n<p class=\"link-more\"><a href=\"https:\/\/alzira.es\/es\/ajudes-autonoms\/\" class=\"more-link\">Continuar leyendo<span class=\"screen-reader-text\"> \u00abHasta el 26 de mayo los aut\u00f3nomos podr\u00e1n pedir las ayudas del Ayuntamiento de Alzira\u00bb<\/span><\/a><\/p>\n","protected":false},"author":29,"featured_media":49328,"comment_status":"","ping_status":"","sticky":false,"template":"","format":"standard","meta":{"_acf_changed":false,"footnotes":""},"categories":[4936],"tags":[],"class_list":["post-49334","post","type-post","status-publish","format-standard","has-post-thumbnail","hentry","category-hemeroteca-es"],"acf":[],"_links":{"self":[{"href":"https:\/\/alzira.es\/es\/wp-json\/wp\/v2\/posts\/49334","targetHints":{"allow":["GET"]}}],"collection":[{"href":"https:\/\/alzira.es\/es\/wp-json\/wp\/v2\/posts"}],"about":[{"href":"https:\/\/alzira.es\/es\/wp-json\/wp\/v2\/types\/post"}],"author":[{"embeddable":true,"href":"https:\/\/alzira.es\/es\/wp-json\/wp\/v2\/users\/29"}],"replies":[{"embeddable":true,"href":"https:\/\/alzira.es\/es\/wp-json\/wp\/v2\/comments?post=49334"}],"version-history":[{"count":0,"href":"https:\/\/alzira.es\/es\/wp-json\/wp\/v2\/posts\/49334\/revisions"}],"wp:featuredmedia":[{"embeddable":true,"href":"https:\/\/alzira.es\/es\/wp-json\/wp\/v2\/media\/49328"}],"wp:attachment":[{"href":"https:\/\/alzira.es\/es\/wp-json\/wp\/v2\/media?parent=49334"}],"wp:term":[{"taxonomy":"category","embeddable":true,"href":"https:\/\/alzira.es\/es\/wp-json\/wp\/v2\/categories?post=49334"},{"taxonomy":"post_tag","embeddable":true,"href":"https:\/\/alzira.es\/es\/wp-json\/wp\/v2\/tags?post=49334"}],"curies":[{"name":"wp","href":"https:\/\/api.w.org\/{rel}","templated":true}]}}