{"id":49293,"date":"2020-05-09T11:08:21","date_gmt":"2020-05-09T09:08:21","guid":{"rendered":"https:\/\/alzira.es\/no-obertura-poliesportiu-tulell-2\/"},"modified":"2020-05-09T11:08:21","modified_gmt":"2020-05-09T09:08:21","slug":"no-obertura-poliesportiu-tulell-2","status":"publish","type":"post","link":"https:\/\/alzira.es\/es\/no-obertura-poliesportiu-tulell-2\/","title":{"rendered":"No hem passat a la fase 1 per tant no podem obrir les portes del poliesportiu a l&#8217;aire lliure"},"content":{"rendered":"<p style=\"text-align: justify;\">L&#8217;\u00e0rea de salut de La Ribera no aconsegueix passar a la fase 1 de la desescalada, la qual cosa ens obliga a seguir en la fase O al menys una setmana m\u00e9s, per tant hem de retardar l&#8217;obertura de la Ciutat Esportiva Jorge Mart\u00ednez Aspar.<\/p>\n<p style=\"text-align: justify;\"><em>\u00abHav\u00edem anunciat la nostra intenci\u00f3 d&#8217;obrir les portes del poliesportiu a l&#8217;aire lliure a partir del dilluns 11, amb la intenci\u00f3 d&#8217;afavorir la pr\u00e0ctica de l&#8217;esport de manera individual tal com marquen les directrius de la Conselleria de Sanitat, per\u00f2 hi haurem d&#8217;esperar\u00bb<\/em>, ha assenyalat <strong>Fernando Pascual<\/strong>, regidor d&#8217;Esports de l&#8217;Ajuntament d&#8217;Alzira, qui a m\u00e9s ha manifestat que <em>\u00abal llarg d&#8217;estos dies es prosseguiran les tasques de condicionament de dita instal\u00b7laci\u00f3 esportiva per a quan passem a la fase 1 i se&#8217;ns permetr\u00e0 obrir-lo\u00bb<\/em>.<\/p>\n<p style=\"text-align: justify;\">No hem de relaxar les mesures marcades des de Sanitat per anar passant les fases de la desescalada cap a la nova normalitat. Hem de ser m\u00e9s estrictes en el compliment de les normes i ser conscients que les diferents franges d&#8217;edat per eixir a passejar o realitzar esport individual estan per acatar-les, del contrari no aconseguirem avan\u00e7ar, la qual cosa ens afecta a totes i tots en la nostra quotidianitat.<\/p>\n<p style=\"text-align: justify;\">En moments determinats del dia podem veure a gent que no fa cas de les normes, sobre tot els m\u00e9s joves, als que cal demanar-los comprensi\u00f3 i una gran dosi de solidaritat per a poder seguir fer front a la Covid-19. No respectar les directrius que ens marquen ens obstaculitza seguir amb la desescalada de manera gradual setmana darrere setmana.<\/p>\n<p style=\"text-align: justify;\">Des de la Regidoria d&#8217;Esports seguim amb les tasques de manteniment de les instal\u00b7lacions esportives amb el desig de poder obrir-les m\u00e9s prompte que tard i utilitzar-les per al que s\u00f3n: practicar esport.<\/p>\n<p style=\"text-align: center;\">&nbsp;<img fetchpriority=\"high\" decoding=\"async\" width=\"512\" height=\"339\" class=\" size-full wp-image-49287\" src=\"https:\/\/alzira.es\/wp-content\/uploads\/2020\/05\/No_obertura_poliesportiu_Tulell-20200509-WA0001.jpg\" alt=\"No obertura poliesportiu Tulell-20200509-WA0001\" \/><\/p>\n","protected":false},"excerpt":{"rendered":"<p>L&#8217;\u00e0rea de salut de La Ribera no aconsegueix passar a la fase 1 de la desescalada, la qual cosa ens obliga a seguir en la fase O al menys una setmana m\u00e9s, per tant hem de retardar l&#8217;obertura de la Ciutat Esportiva Jorge Mart\u00ednez Aspar. \u00abHav\u00edem anunciat la nostra intenci\u00f3 d&#8217;obrir les portes del poliesportiu &hellip; <\/p>\n<p class=\"link-more\"><a href=\"https:\/\/alzira.es\/es\/no-obertura-poliesportiu-tulell-2\/\" class=\"more-link\">Continuar leyendo<span class=\"screen-reader-text\"> \u00abNo hem passat a la fase 1 per tant no podem obrir les portes del poliesportiu a l&#8217;aire lliure\u00bb<\/span><\/a><\/p>\n","protected":false},"author":29,"featured_media":49287,"comment_status":"","ping_status":"","sticky":false,"template":"","format":"standard","meta":{"_acf_changed":false,"footnotes":""},"categories":[],"tags":[],"class_list":["post-49293","post","type-post","status-publish","format-standard","has-post-thumbnail","hentry"],"acf":[],"_links":{"self":[{"href":"https:\/\/alzira.es\/es\/wp-json\/wp\/v2\/posts\/49293","targetHints":{"allow":["GET"]}}],"collection":[{"href":"https:\/\/alzira.es\/es\/wp-json\/wp\/v2\/posts"}],"about":[{"href":"https:\/\/alzira.es\/es\/wp-json\/wp\/v2\/types\/post"}],"author":[{"embeddable":true,"href":"https:\/\/alzira.es\/es\/wp-json\/wp\/v2\/users\/29"}],"replies":[{"embeddable":true,"href":"https:\/\/alzira.es\/es\/wp-json\/wp\/v2\/comments?post=49293"}],"version-history":[{"count":0,"href":"https:\/\/alzira.es\/es\/wp-json\/wp\/v2\/posts\/49293\/revisions"}],"wp:featuredmedia":[{"embeddable":true,"href":"https:\/\/alzira.es\/es\/wp-json\/wp\/v2\/media\/49287"}],"wp:attachment":[{"href":"https:\/\/alzira.es\/es\/wp-json\/wp\/v2\/media?parent=49293"}],"wp:term":[{"taxonomy":"category","embeddable":true,"href":"https:\/\/alzira.es\/es\/wp-json\/wp\/v2\/categories?post=49293"},{"taxonomy":"post_tag","embeddable":true,"href":"https:\/\/alzira.es\/es\/wp-json\/wp\/v2\/tags?post=49293"}],"curies":[{"name":"wp","href":"https:\/\/api.w.org\/{rel}","templated":true}]}}