{"id":49291,"date":"2020-05-09T11:08:21","date_gmt":"2020-05-09T09:08:21","guid":{"rendered":"https:\/\/alzira.es\/no-obertura-poliesportiu-tulell\/"},"modified":"2020-05-09T11:08:21","modified_gmt":"2020-05-09T09:08:21","slug":"no-obertura-poliesportiu-tulell","status":"publish","type":"post","link":"https:\/\/alzira.es\/es\/no-obertura-poliesportiu-tulell\/","title":{"rendered":"No hemos pasado a la fase 1 por lo tanto no podemos abrir las puertas del polideportivo al aire libre"},"content":{"rendered":"<p style=\"text-align: left;\">El \u00e1rea de salud de La Ribera no consigue pasar a la fase 1 de la desescalada, lo cual nos obliga a seguir en la fase O al menos una semana m\u00e1s, por lo tanto tenemos que retrasar la apertura de la Ciudad Deportiva Jorge Mart\u00ednez Aspar.<\/p>\n<p><em>\u00abHab\u00edamos anunciado <span style=\"text-decoration: underline;\">nuestra intenci\u00f3n de abrir las puertas del polideportivo al aire libre a partir del lunes 11<\/span>, con la intenci\u00f3n de favorecer la pr\u00e1ctica del deporte de manera individual tal como marcan las directrices de la Conseller\u00eda de Sanidad, <span style=\"text-decoration: underline;\">pero tendremos que esperar<\/span>\u00ab<\/em>, ha se\u00f1alado <strong>Fernando Pascual<\/strong>, regidor de Deportes del Ayuntamiento de Alzira, quien adem\u00e1s ha manifestado que <em>\u00aba lo largo de estos d\u00edas se proseguir\u00e1n las tareas de acondicionamiento de dicha instalaci\u00f3n deportiva para cuando pasamos a la fase 1 y se nos permitir\u00e1 abrirlo\u00bb<\/em>.<\/p>\n<p>No tenemos que relajar las medidas marcadas desde Sanidad para ir pasando las fases de la desescalada hacia la nueva normalidad. Tenemos que ser m\u00e1s estrictos en el cumplimiento de las normas y ser conscientes que las diferentes franjas de edad para salir a pasear o realizar deporte individual est\u00e1n para acatarlas, del contrario no conseguiremos avanzar, lo cual nos afecta a todas y todos en nuestra cotidianidad.<\/p>\n<p>En momentos determinados del d\u00eda podemos ver a gente que no hace caso de las normas, sobre todo los m\u00e1s j\u00f3venes, a los que hay que pedirles comprensi\u00f3n y una gran dosis de solidaridad para poder seguir haciendo frente a la Covid-19. No respetar las directrices que nos marcan nos obstaculiza seguir con la desescalada de manera gradual semana tras semana.<\/p>\n<p>Desde la Concejal\u00eda de Deportes seguimos con las tareas de mantenimiento de las instalaciones deportivas con el deseo de poder abrirlas m\u00e1s pronto que tarde y utilizarlas para lo que son: practicar deporte.<\/p>\n<p style=\"text-align: center;\">&nbsp;<img fetchpriority=\"high\" decoding=\"async\" width=\"512\" height=\"339\" class=\" size-full wp-image-49287\" src=\"https:\/\/alzira.es\/wp-content\/uploads\/2020\/05\/No_obertura_poliesportiu_Tulell-20200509-WA0001.jpg\" alt=\"No obertura poliesportiu Tulell-20200509-WA0001\" \/><\/p>\n","protected":false},"excerpt":{"rendered":"<p>El \u00e1rea de salud de La Ribera no consigue pasar a la fase 1 de la desescalada, lo cual nos obliga a seguir en la fase O al menos una semana m\u00e1s, por lo tanto tenemos que retrasar la apertura de la Ciudad Deportiva Jorge Mart\u00ednez Aspar. \u00abHab\u00edamos anunciado nuestra intenci\u00f3n de abrir las puertas &hellip; <\/p>\n<p class=\"link-more\"><a href=\"https:\/\/alzira.es\/es\/no-obertura-poliesportiu-tulell\/\" class=\"more-link\">Continuar leyendo<span class=\"screen-reader-text\"> \u00abNo hemos pasado a la fase 1 por lo tanto no podemos abrir las puertas del polideportivo al aire libre\u00bb<\/span><\/a><\/p>\n","protected":false},"author":29,"featured_media":49287,"comment_status":"","ping_status":"","sticky":false,"template":"","format":"standard","meta":{"_acf_changed":false,"footnotes":""},"categories":[4936],"tags":[],"class_list":["post-49291","post","type-post","status-publish","format-standard","has-post-thumbnail","hentry","category-hemeroteca-es"],"acf":[],"_links":{"self":[{"href":"https:\/\/alzira.es\/es\/wp-json\/wp\/v2\/posts\/49291","targetHints":{"allow":["GET"]}}],"collection":[{"href":"https:\/\/alzira.es\/es\/wp-json\/wp\/v2\/posts"}],"about":[{"href":"https:\/\/alzira.es\/es\/wp-json\/wp\/v2\/types\/post"}],"author":[{"embeddable":true,"href":"https:\/\/alzira.es\/es\/wp-json\/wp\/v2\/users\/29"}],"replies":[{"embeddable":true,"href":"https:\/\/alzira.es\/es\/wp-json\/wp\/v2\/comments?post=49291"}],"version-history":[{"count":0,"href":"https:\/\/alzira.es\/es\/wp-json\/wp\/v2\/posts\/49291\/revisions"}],"wp:featuredmedia":[{"embeddable":true,"href":"https:\/\/alzira.es\/es\/wp-json\/wp\/v2\/media\/49287"}],"wp:attachment":[{"href":"https:\/\/alzira.es\/es\/wp-json\/wp\/v2\/media?parent=49291"}],"wp:term":[{"taxonomy":"category","embeddable":true,"href":"https:\/\/alzira.es\/es\/wp-json\/wp\/v2\/categories?post=49291"},{"taxonomy":"post_tag","embeddable":true,"href":"https:\/\/alzira.es\/es\/wp-json\/wp\/v2\/tags?post=49291"}],"curies":[{"name":"wp","href":"https:\/\/api.w.org\/{rel}","templated":true}]}}