{"id":49285,"date":"2020-05-09T12:55:23","date_gmt":"2020-05-09T10:55:23","guid":{"rendered":"https:\/\/alzira.es\/alzira-repartix-40-000-mascaretes-a-la-ciutadania-2\/"},"modified":"2020-05-09T12:55:23","modified_gmt":"2020-05-09T10:55:23","slug":"alzira-repartix-40-000-mascaretes-a-la-ciutadania-2","status":"publish","type":"post","link":"https:\/\/alzira.es\/es\/alzira-repartix-40-000-mascaretes-a-la-ciutadania-2\/","title":{"rendered":"Alzira repartix 40.000 mascaretes a la ciutadania"},"content":{"rendered":"<p><strong>L&#8217;Ajuntament d&#8217;Alzira<\/strong> comen\u00e7a esta vesprada el <strong>repartiment a la ciutadania de 40.000 mascaretes<\/strong> adquirides de manera centralitzada amb els diferents municipis de la mancomunitat. Est\u00e0 previst que el repartiment continue al llarg de tota la setmana pr\u00f2xima.<\/p>\n<p>Es tracta de mascaretes que es poden llavar, de manera que s\u00f3n reutilitzables. Amb la col\u00b7laboraci\u00f3 de Protecci\u00f3 Civil, Vacif i altres voluntaris de la ciutat, es far\u00e0 arribar a cada casa un paquet de dos unitats.<\/p>\n<p><em>\u00abVull agrair la solidaritat i l&#8217;esfor\u00e7 que estan fent els voluntaris de la nostra ciutat per a ajudar i estar al costat dels ve\u00efns i ve\u00efnes\u00bb<\/em> ha manifestat l&#8217;alcalde de la ciutat <strong>Diego G\u00f3mez<\/strong><\/p>\n<p>Estes 40.000 unitats, se sumen a les que ja s&#8217;han repartit al transport p\u00fablic en les \u00faltimes setmanes, tamb\u00e9 a les 1.200 mascaretes infantils, i les destinades a majors o malalts cr\u00f2nics, que es poden recollir a les farm\u00e0cies amb el SIP.<\/p>\n<p>L&#8217;enviament incorpora tamb\u00e9 una carta de l&#8217;alcalde amb instruccions d&#8217;\u00fas de les mascaretes i en la qual agra\u00efx que tinguem un bon comportament i demana que es respecten les normes. La responsabilitat individual i la col.laboraci\u00f3 ciutadana s\u00f3n essencials per a poder seguir amb el proc\u00e9s de descalada.<\/p>\n<p><em>\u00abRecomanem fer \u00fas de les mascaretes quan eixim al carrer per a reduir el risc de contagi, i sobretot demanem a la ciutadania responsabilitat. Nom\u00e9s si cumplim les normes de forma estricta podrem anar avan\u00e7ant i passant les fases previstes per a superar la crisis. El dia despr\u00e9s encara no ha arribat i el virus est\u00e0 present.\u00bb<\/em> ha manifestat l&#8217;alcalde.<\/p>\n<p style=\"margin-left: 30px;\"><strong>Per a utilitzar les mascaretes correctament cal seguir estes indicacions:<\/strong><br \/>1. Llavar-se les mans amb aigua i sab\u00f3 abans de manipular-la.<br \/>2. Identificar la part superior de la mascareta.<br \/>3. Col\u00b7locar la mascareta en la cara, a l&#8217;altura del nas.<br \/>4. Sostenir-la des de l&#8217;exterior i col\u00b7locar-se les gomes.<br \/>5. Ajustar la part interior de les mascaretes a la barbeta.<br \/>6. Verificar que la mascareta cobrix la barbeta i el nas.<br \/>7. Verificar la col\u00b7locaci\u00f3 correcta i no tindre mol\u00e8sties respirat\u00f2ries.<br \/>8. No tocar la mascareta amb les mans una vegada ja ajustada.<\/p>\n<p style=\"text-align: center; margin-left: 30px;\"><img fetchpriority=\"high\" decoding=\"async\" class=\" size-full wp-image-49281\" src=\"https:\/\/alzira.es\/wp-content\/uploads\/2020\/05\/WhatsApp_Image_2020-05-09_at_13.04.29_2.jpeg\" alt=\"WhatsApp Image 2020-05-09 at 13.04.29 2\" width=\"500\" height=\"667\" srcset=\"https:\/\/alzira.es\/wp-content\/uploads\/2020\/05\/WhatsApp_Image_2020-05-09_at_13.04.29_2.jpeg 768w, https:\/\/alzira.es\/wp-content\/uploads\/2020\/05\/WhatsApp_Image_2020-05-09_at_13.04.29_2-383x510.jpeg 383w\" sizes=\"(max-width: 500px) 100vw, 500px\" \/><\/p>\n<p>&nbsp;<\/p>\n<p>&nbsp;<\/p>\n","protected":false},"excerpt":{"rendered":"<p>L&#8217;Ajuntament d&#8217;Alzira comen\u00e7a esta vesprada el repartiment a la ciutadania de 40.000 mascaretes adquirides de manera centralitzada amb els diferents municipis de la mancomunitat. Est\u00e0 previst que el repartiment continue al llarg de tota la setmana pr\u00f2xima. Es tracta de mascaretes que es poden llavar, de manera que s\u00f3n reutilitzables. Amb la col\u00b7laboraci\u00f3 de Protecci\u00f3 &hellip; <\/p>\n<p class=\"link-more\"><a href=\"https:\/\/alzira.es\/es\/alzira-repartix-40-000-mascaretes-a-la-ciutadania-2\/\" class=\"more-link\">Continuar leyendo<span class=\"screen-reader-text\"> \u00abAlzira repartix 40.000 mascaretes a la ciutadania\u00bb<\/span><\/a><\/p>\n","protected":false},"author":36,"featured_media":49281,"comment_status":"","ping_status":"","sticky":false,"template":"","format":"standard","meta":{"_acf_changed":false,"footnotes":""},"categories":[],"tags":[],"class_list":["post-49285","post","type-post","status-publish","format-standard","has-post-thumbnail","hentry"],"acf":[],"_links":{"self":[{"href":"https:\/\/alzira.es\/es\/wp-json\/wp\/v2\/posts\/49285","targetHints":{"allow":["GET"]}}],"collection":[{"href":"https:\/\/alzira.es\/es\/wp-json\/wp\/v2\/posts"}],"about":[{"href":"https:\/\/alzira.es\/es\/wp-json\/wp\/v2\/types\/post"}],"author":[{"embeddable":true,"href":"https:\/\/alzira.es\/es\/wp-json\/wp\/v2\/users\/36"}],"replies":[{"embeddable":true,"href":"https:\/\/alzira.es\/es\/wp-json\/wp\/v2\/comments?post=49285"}],"version-history":[{"count":0,"href":"https:\/\/alzira.es\/es\/wp-json\/wp\/v2\/posts\/49285\/revisions"}],"wp:featuredmedia":[{"embeddable":true,"href":"https:\/\/alzira.es\/es\/wp-json\/wp\/v2\/media\/49281"}],"wp:attachment":[{"href":"https:\/\/alzira.es\/es\/wp-json\/wp\/v2\/media?parent=49285"}],"wp:term":[{"taxonomy":"category","embeddable":true,"href":"https:\/\/alzira.es\/es\/wp-json\/wp\/v2\/categories?post=49285"},{"taxonomy":"post_tag","embeddable":true,"href":"https:\/\/alzira.es\/es\/wp-json\/wp\/v2\/tags?post=49285"}],"curies":[{"name":"wp","href":"https:\/\/api.w.org\/{rel}","templated":true}]}}