{"id":49283,"date":"2020-05-09T12:55:23","date_gmt":"2020-05-09T10:55:23","guid":{"rendered":"https:\/\/alzira.es\/alzira-repartix-40-000-mascaretes-a-la-ciutadania\/"},"modified":"2020-05-09T12:55:23","modified_gmt":"2020-05-09T10:55:23","slug":"alzira-repartix-40-000-mascaretes-a-la-ciutadania","status":"publish","type":"post","link":"https:\/\/alzira.es\/es\/alzira-repartix-40-000-mascaretes-a-la-ciutadania\/","title":{"rendered":"Alzira reparte 40.000 mascarillas a la ciudadan\u00eda"},"content":{"rendered":"<p><strong>El Ayuntamiento de Alzira<\/strong> empieza esta tarde el<strong> reparto a la ciudadan\u00eda de 40.000 mascarillas<\/strong> adquiridas de manera centralizada con los diferentes municipios de la mancomunidad. Est\u00e1 previsto que el reparto contin\u00fao a lo largo de toda la semana pr\u00f3xima.<\/p>\n<p>Se trata de mascarillas que se pueden lavar, de forma que son reutilizables. Con la colaboraci\u00f3n de Protecci\u00f3n Civil, Vacif y otros voluntarios de la ciudad, se har\u00e1 llegar a cada casa un paquete de dos unidades.<\/p>\n<p><em>\u00abQuiero agradecer la solidaridad y el esfuerzo que est\u00e1n haciendo los voluntarios de nuestra ciudad para ayudar y estar junto a los vecinos y vecinas\u00bb<\/em> ha manifestado el alcalde de la ciudad <strong>Diego G\u00f3mez<\/strong><\/p>\n<p>Estas 40.000 unidades, se suman a las que ya se han repartido al transporte p\u00fablico en las \u00faltimas semanas, tambi\u00e9n a las 1.200 mascarillas infantiles infantiles, y las destinadas a mayores o enfermos cr\u00f3nicos, que se pueden recoger a las farmacias con el SIP.<\/p>\n<p>El env\u00edo incorpora tambi\u00e9n una carta del alcalde con instrucciones de uso de las mascarillas y en la cual agradece que tengamos un buen comportamiento y pide que se respeten las normas. La responsabilidad individual y la colaboraci\u00f3n ciudadana son esenciales para poder seguir con el proceso de desalar .<\/p>\n<p><em>\u00abRecomendamos hacer uso de las mascarillas cuando salimos a la calle para reducir el riesgo de contagio, y sobre todo pedimos a la ciudadan\u00eda responsabilidad. Solo si cumplen las normas de forma estricta podremos ir avanzando y pasando las fases previstas para superar la crisis. El d\u00eda despu\u00e9s todav\u00eda no ha llegado y el virus est\u00e1 presente\u00bb<\/em>. ha manifestado el alcalde.<\/p>\n<p style=\"margin-left: 30px;\"><strong>Para utilizar las mascarillas correctamente hay que seguir estas indicaciones:<\/strong><br \/>1. Lavarse las manos con agua y jab\u00f3n antes de manipularla.<br \/>2. Identificar la parte superior de la mascarilla.<br \/>3. Colocar la mascarilla en la cara, a la altura de la nariz.<br \/>4. Sostenerla desde el exterior y colocarse las gomas.<br \/>5. Ajustar la parte interior de las mascarillas en la barbilla.<br \/>6. Verificar que la mascarilla cubre la barbilla y la nariz.<br \/>7. Verificar la colocaci\u00f3n correcta y no tener molestias respiratorias.<br \/>8. No tocar la mascarilla con las manos una vez ya ajustada.<\/p>\n<p style=\"text-align: center;\"><img fetchpriority=\"high\" decoding=\"async\" class=\" size-full wp-image-49281\" src=\"https:\/\/alzira.es\/wp-content\/uploads\/2020\/05\/WhatsApp_Image_2020-05-09_at_13.04.29_2.jpeg\" alt=\"WhatsApp Image 2020-05-09 at 13.04.29 2\" width=\"500\" height=\"667\" srcset=\"https:\/\/alzira.es\/wp-content\/uploads\/2020\/05\/WhatsApp_Image_2020-05-09_at_13.04.29_2.jpeg 768w, https:\/\/alzira.es\/wp-content\/uploads\/2020\/05\/WhatsApp_Image_2020-05-09_at_13.04.29_2-383x510.jpeg 383w\" sizes=\"(max-width: 500px) 100vw, 500px\" \/><\/p>\n<p>&nbsp;<\/p>\n<p>&nbsp;<\/p>\n","protected":false},"excerpt":{"rendered":"<p>El Ayuntamiento de Alzira empieza esta tarde el reparto a la ciudadan\u00eda de 40.000 mascarillas adquiridas de manera centralizada con los diferentes municipios de la mancomunidad. Est\u00e1 previsto que el reparto contin\u00fao a lo largo de toda la semana pr\u00f3xima. Se trata de mascarillas que se pueden lavar, de forma que son reutilizables. Con la &hellip; <\/p>\n<p class=\"link-more\"><a href=\"https:\/\/alzira.es\/es\/alzira-repartix-40-000-mascaretes-a-la-ciutadania\/\" class=\"more-link\">Continuar leyendo<span class=\"screen-reader-text\"> \u00abAlzira reparte 40.000 mascarillas a la ciudadan\u00eda\u00bb<\/span><\/a><\/p>\n","protected":false},"author":36,"featured_media":49281,"comment_status":"","ping_status":"","sticky":false,"template":"","format":"standard","meta":{"_acf_changed":false,"footnotes":""},"categories":[4936],"tags":[],"class_list":["post-49283","post","type-post","status-publish","format-standard","has-post-thumbnail","hentry","category-hemeroteca-es"],"acf":[],"_links":{"self":[{"href":"https:\/\/alzira.es\/es\/wp-json\/wp\/v2\/posts\/49283","targetHints":{"allow":["GET"]}}],"collection":[{"href":"https:\/\/alzira.es\/es\/wp-json\/wp\/v2\/posts"}],"about":[{"href":"https:\/\/alzira.es\/es\/wp-json\/wp\/v2\/types\/post"}],"author":[{"embeddable":true,"href":"https:\/\/alzira.es\/es\/wp-json\/wp\/v2\/users\/36"}],"replies":[{"embeddable":true,"href":"https:\/\/alzira.es\/es\/wp-json\/wp\/v2\/comments?post=49283"}],"version-history":[{"count":0,"href":"https:\/\/alzira.es\/es\/wp-json\/wp\/v2\/posts\/49283\/revisions"}],"wp:featuredmedia":[{"embeddable":true,"href":"https:\/\/alzira.es\/es\/wp-json\/wp\/v2\/media\/49281"}],"wp:attachment":[{"href":"https:\/\/alzira.es\/es\/wp-json\/wp\/v2\/media?parent=49283"}],"wp:term":[{"taxonomy":"category","embeddable":true,"href":"https:\/\/alzira.es\/es\/wp-json\/wp\/v2\/categories?post=49283"},{"taxonomy":"post_tag","embeddable":true,"href":"https:\/\/alzira.es\/es\/wp-json\/wp\/v2\/tags?post=49283"}],"curies":[{"name":"wp","href":"https:\/\/api.w.org\/{rel}","templated":true}]}}