{"id":49279,"date":"2020-05-08T15:16:39","date_gmt":"2020-05-08T13:16:39","guid":{"rendered":"https:\/\/alzira.es\/alzira-obri-el-fons-solidari-som-alzira-2\/"},"modified":"2020-05-08T15:16:39","modified_gmt":"2020-05-08T13:16:39","slug":"alzira-obri-el-fons-solidari-som-alzira-2","status":"publish","type":"post","link":"https:\/\/alzira.es\/es\/alzira-obri-el-fons-solidari-som-alzira-2\/","title":{"rendered":"Alzira obri el fons solidari Som Alzira"},"content":{"rendered":"<p style=\"text-align: justify;\"><strong>Alzira obri hui el fons solidari Som Alzira<\/strong>, per a fer aportacions econ\u00f2miques destinades a cobrir les necessitats extremes creades per la crisi social derivada de la pand\u00e8mia de la Covid-19.<\/p>\n<p style=\"text-align: justify;\"><strong>El passat dimecres 29 d&#8217;abril el ple de l&#8217;Ajuntament va aprovar per unanimitat crear este fons, que s&#8217;enceta amb 12.500 euros provinents de les aportacions dels grups pol\u00edtics municipals<\/strong>.<\/p>\n<p style=\"text-align: justify;\">L&#8217;impacte que la crisi sanit\u00e0ria arriba a l&#8217;economia local, i afecta el benestar dels ciutadans i ciutadanes. Per tal de minimitzar el seu efecte social en els col\u2022lectius m\u00e9s vulnerables, ja que es redu\u00efxen els seus ingressos per fer front a les despeses m\u00e9s perempt\u00f2ries, es planteja la creaci\u00f3 d&#8217;un Fons de Solidaritat <strong>\u00abSom Alzira\u00bb<\/strong>, una ajuda per a no deixar ning\u00fa arrere.<\/p>\n<p style=\"text-align: justify;\">A la quantitat inicial es poden sumar les donacions de la ciutadania que de manera individual vullguen fer aportacions econ\u00f2miques destinades a atendre les persones a trav\u00e9s del compte de <strong>Caixa Popular ES09 3159 0054 2426 9480 2923<\/strong>.<\/p>\n<p style=\"text-align: justify;\">La iniciativa compta amb el suport de representants del voluntariat municipal, que en tot moment, i especialment en els durs moments actuals, han mostrat la seua solidaritat amb els alzirenys i alzirenyes, Protecci\u00f3 Civil, Creu Roja, C\u00e0ritas, #JoAjudeAlzira, Norte Perdido, Cepaim. Projecte Riu o Vacif, entre altres.<\/p>\n<p style=\"text-align: justify;\">Estes entitats de la societat civil han participat en el v\u00eddeo explicatiu per a donar veu a les necessitats que tenen els nostres ve\u00efns i ve\u00efnes: alimentaci\u00f3, atenci\u00f3 domicili\u00e0ria, productes essencials, acompanyament o necessitats educatives.<\/p>\n<p style=\"text-align: justify;\">El referit Fons ser\u00e0 gestionat per l&#8217;\u00c0rea de Serveis Socials, la qual deur\u00e0 destinar els imports resultants a les fam\u00edlies per tal que puguen efectuar les seues compres en els supermercats de la localitat.<\/p>\n<p style=\"text-align: justify;\">Podeu vore el v\u00eddeo de la campanya al seg\u00fcent enlla\u00e7 <a href=\"https:\/\/youtu.be\/yJBTegURYBI\" target=\"_blank\" rel=\"noopener\">https:\/\/youtu.be\/yJBTegURYBI<\/a><\/p>\n<p style=\"text-align: center;\"><a class=\"jcepopup\" href=\"https:\/\/alzira.es\/wp-content\/uploads\/2020\/05\/fondosocial_VAL.jpg\" target=\"_blank\" rel=\"noopener\"><img fetchpriority=\"high\" decoding=\"async\" class=\" size-full wp-image-49273\" src=\"https:\/\/alzira.es\/wp-content\/uploads\/2020\/05\/fondosocial_VAL.jpg\" alt=\"fondosocial VAL\" width=\"500\" height=\"417\" srcset=\"https:\/\/alzira.es\/wp-content\/uploads\/2020\/05\/fondosocial_VAL.jpg 1200w, https:\/\/alzira.es\/wp-content\/uploads\/2020\/05\/fondosocial_VAL-612x510.jpg 612w, https:\/\/alzira.es\/wp-content\/uploads\/2020\/05\/fondosocial_VAL-768x640.jpg 768w\" sizes=\"(max-width: 500px) 100vw, 500px\" \/><\/a>&nbsp;<a class=\"jcepopup\" style=\"font-size: 14.4px; text-align: center;\" type=\"image\" href=\"https:\/\/alzira.es\/wp-content\/uploads\/2020\/05\/fondosocial_cast.jpg\" target=\"_blank\" rel=\"noopener\"><img decoding=\"async\" class=\"size-full wp-image-49275 lazyload\" data-src=\"https:\/\/alzira.es\/wp-content\/uploads\/2020\/05\/fondosocial_cast.jpg\" alt=\"fondosocial cast\" width=\"500\" height=\"417\" data-srcset=\"https:\/\/alzira.es\/wp-content\/uploads\/2020\/05\/fondosocial_cast.jpg 1200w, https:\/\/alzira.es\/wp-content\/uploads\/2020\/05\/fondosocial_cast-612x510.jpg 612w, https:\/\/alzira.es\/wp-content\/uploads\/2020\/05\/fondosocial_cast-768x640.jpg 768w\" data-sizes=\"(max-width: 500px) 100vw, 500px\" src=\"data:image\/svg+xml;base64,PHN2ZyB3aWR0aD0iMSIgaGVpZ2h0PSIxIiB4bWxucz0iaHR0cDovL3d3dy53My5vcmcvMjAwMC9zdmciPjwvc3ZnPg==\" style=\"--smush-placeholder-width: 500px; --smush-placeholder-aspect-ratio: 500\/417;\" \/><\/a><\/p>\n","protected":false},"excerpt":{"rendered":"<p>Alzira obri hui el fons solidari Som Alzira, per a fer aportacions econ\u00f2miques destinades a cobrir les necessitats extremes creades per la crisi social derivada de la pand\u00e8mia de la Covid-19. El passat dimecres 29 d&#8217;abril el ple de l&#8217;Ajuntament va aprovar per unanimitat crear este fons, que s&#8217;enceta amb 12.500 euros provinents de les &hellip; <\/p>\n<p class=\"link-more\"><a href=\"https:\/\/alzira.es\/es\/alzira-obri-el-fons-solidari-som-alzira-2\/\" class=\"more-link\">Continuar leyendo<span class=\"screen-reader-text\"> \u00abAlzira obri el fons solidari Som Alzira\u00bb<\/span><\/a><\/p>\n","protected":false},"author":29,"featured_media":49273,"comment_status":"","ping_status":"","sticky":false,"template":"","format":"standard","meta":{"_acf_changed":false,"footnotes":""},"categories":[],"tags":[],"class_list":["post-49279","post","type-post","status-publish","format-standard","has-post-thumbnail","hentry"],"acf":[],"_links":{"self":[{"href":"https:\/\/alzira.es\/es\/wp-json\/wp\/v2\/posts\/49279","targetHints":{"allow":["GET"]}}],"collection":[{"href":"https:\/\/alzira.es\/es\/wp-json\/wp\/v2\/posts"}],"about":[{"href":"https:\/\/alzira.es\/es\/wp-json\/wp\/v2\/types\/post"}],"author":[{"embeddable":true,"href":"https:\/\/alzira.es\/es\/wp-json\/wp\/v2\/users\/29"}],"replies":[{"embeddable":true,"href":"https:\/\/alzira.es\/es\/wp-json\/wp\/v2\/comments?post=49279"}],"version-history":[{"count":0,"href":"https:\/\/alzira.es\/es\/wp-json\/wp\/v2\/posts\/49279\/revisions"}],"wp:featuredmedia":[{"embeddable":true,"href":"https:\/\/alzira.es\/es\/wp-json\/wp\/v2\/media\/49273"}],"wp:attachment":[{"href":"https:\/\/alzira.es\/es\/wp-json\/wp\/v2\/media?parent=49279"}],"wp:term":[{"taxonomy":"category","embeddable":true,"href":"https:\/\/alzira.es\/es\/wp-json\/wp\/v2\/categories?post=49279"},{"taxonomy":"post_tag","embeddable":true,"href":"https:\/\/alzira.es\/es\/wp-json\/wp\/v2\/tags?post=49279"}],"curies":[{"name":"wp","href":"https:\/\/api.w.org\/{rel}","templated":true}]}}