{"id":49271,"date":"2020-05-08T10:14:53","date_gmt":"2020-05-08T08:14:53","guid":{"rendered":"https:\/\/alzira.es\/l-anell-verd-zona-d-esplai-i-d-aprenentatge-natural-2\/"},"modified":"2020-05-08T10:14:53","modified_gmt":"2020-05-08T08:14:53","slug":"l-anell-verd-zona-d-esplai-i-d-aprenentatge-natural-2","status":"publish","type":"post","link":"https:\/\/alzira.es\/es\/l-anell-verd-zona-d-esplai-i-d-aprenentatge-natural-2\/","title":{"rendered":"L\u2019Anell Verd, zona d\u2019esplai i d\u2019aprenentatge natural"},"content":{"rendered":"<p style=\"text-align: justify;\"><strong><em>\u2022 La ruta compta amb panells explicatius adaptats amb pictogrames<\/em><\/strong><\/p>\n<p style=\"text-align: justify;\">L&#8217;Ajuntament d&#8217;Alzira recomana l&#8217;\u00fas de l&#8217;Anell Verd com una de les zones verdes annexes a la ciutat en la qual podem practicar esport o caminar estos dies, al temps que gaudim de la natura.<\/p>\n<p style=\"text-align: justify;\">En aquests moments de descalada, l&#8217;Anell Verd \u00e9s l&#8217;espai on els ciutadans poden tindre un contacte amb la natura sense eixir de la ciutat, una ruta l\u00fadica, esportiva i saludable. Este concepte queda refor\u00e7at amb el recorregut eco terap\u00e8utic incorporat en el Mirador de X\u00faquer, on podem iniciar un passeig entre m\u00e9s de mil plantes arom\u00e0tiques que la ciutadania va plantar el Dia de l&#8217;Arbre. El Mirador \u00e9s un espai de 33.000 m\u00b2, que incorpora una zona de bosc de pins, una zona de jocs per als xiquets i xiquetes i un mirador en la desembocadura del Barranc de la Casella amb el riu X\u00faquer.<\/p>\n<p style=\"text-align: justify;\"><em>\u00abL&#8217;actual situaci\u00f3 sanit\u00e0ria, ha canviat la manera de moure&#8217;s per la ciutat. La necessitat de complir amb el distanciament social com a mesura de seguretat, est\u00e0 accelerant i impulsant accions innovadores en moltes ciutats. La bicicleta o el passeig s\u00f3n les alternatives de transport m\u00e9s segures ara. A m\u00e9s, ja hem recomanat a la ciutadania fer \u00fas de les voreres en sentit \u00fanic, caminant sempre per la nostra dreta, per a evitar creuar-se amb altres persones. Tamb\u00e9 anem a assenyalar el final del terme a l&#8217;Avinguda de la Ribera, just quan acaben les moreres\u00bb<\/em> assegura l&#8217;alcalde de la ciutat, <strong>Diego G\u00f3mez<\/strong>.<\/p>\n<p style=\"text-align: justify;\"><strong>Des de la Regidoria de Medi Ambient es convida a la ciutadania a la utilitzaci\u00f3 de l&#8217;Anell Verd com a espai de passeig i gaudi de la naturalesa, en el qual, a m\u00e9s els usuaris poden con\u00e9ixer informaci\u00f3 inclusiva a trav\u00e9s de codis QR incorporats en els punts quilom\u00e8trics, fins al quil\u00f2metre 3<\/strong>.<\/p>\n<p style=\"text-align: justify;\">Es tracta d&#8217;un projecte inclusiu que s&#8217;ha portat a terme amb la col\u00b7laboraci\u00f3 de l&#8217;ONCE, per a l&#8217;adaptaci\u00f3 sonora i d&#8217;Idinea, programa de la Nostra Veu, pel que fa a l&#8217;adaptaci\u00f3 per a persones amb TEA. Els panells informatius contenen pictogrames i codis QR que ens dirigixen a un format sonor amb informaci\u00f3 de les esp\u00e8cies naturals i elements patrimonials que ens trobarem en cadascun dels trams quilom\u00e8trics.<\/p>\n<p style=\"text-align: justify;\">Per a poder reproduir els \u00e0udios cal fer \u00fas del nostre tel\u00e8fon m\u00f2bil amb el lector de QR i s&#8217;obrir\u00e0 un format similar a un \u00e0udio llibre que permet que totes les persones, fins i tot les invidents, puguen escoltar una descripci\u00f3 dels elements patrimonials, mediambientals i de paisatge que ens podem trobar en cada tram del recorregut. Aquests \u00e0udios es troben en tres idiomes: valenci\u00e0, castell\u00e0 i angl\u00e9s.<\/p>\n<p style=\"text-align: justify;\">El departament de Medi Ambient porta quatre anys impulsant este espai verd periurb\u00e0 que connecta diferents infraestructures al voltant de la ciutat i definix un cintur\u00f3 verd que circumval\u00b7la tota la ciutat. Tamb\u00e9 ha servit per a regenerar espais degradats i posar a la disposici\u00f3 de la ciutadania un nou espai d&#8217;esplai com el Mirador del X\u00faquer.<\/p>\n<p style=\"text-align: center;\">&nbsp;<a class=\"jcepopup\" href=\"https:\/\/alzira.es\/wp-content\/uploads\/2020\/05\/anell_verd_2.jpeg\" target=\"_blank\" rel=\"noopener\"><img fetchpriority=\"high\" decoding=\"async\" class=\" size-full wp-image-49261\" src=\"https:\/\/alzira.es\/wp-content\/uploads\/2020\/05\/anell_verd_2.jpeg\" alt=\"anell verd 2\" width=\"222\" height=\"394\" srcset=\"https:\/\/alzira.es\/wp-content\/uploads\/2020\/05\/anell_verd_2.jpeg 1080w, https:\/\/alzira.es\/wp-content\/uploads\/2020\/05\/anell_verd_2-287x510.jpeg 287w, https:\/\/alzira.es\/wp-content\/uploads\/2020\/05\/anell_verd_2-603x1072.jpeg 603w, https:\/\/alzira.es\/wp-content\/uploads\/2020\/05\/anell_verd_2-768x1365.jpeg 768w, https:\/\/alzira.es\/wp-content\/uploads\/2020\/05\/anell_verd_2-864x1536.jpeg 864w\" sizes=\"(max-width: 222px) 100vw, 222px\" \/><\/a>&nbsp;<a class=\"jcepopup\" style=\"font-size: 14.4px; text-align: center;\" type=\"image\" href=\"https:\/\/alzira.es\/wp-content\/uploads\/2020\/05\/anell_verd_4.jpeg\" target=\"_blank\" rel=\"noopener\"><img decoding=\"async\" class=\"size-full wp-image-49263 lazyload\" data-src=\"https:\/\/alzira.es\/wp-content\/uploads\/2020\/05\/anell_verd_4.jpeg\" alt=\"anell verd 4\" width=\"700\" height=\"394\" data-srcset=\"https:\/\/alzira.es\/wp-content\/uploads\/2020\/05\/anell_verd_4.jpeg 1600w, https:\/\/alzira.es\/wp-content\/uploads\/2020\/05\/anell_verd_4-680x383.jpeg 680w, https:\/\/alzira.es\/wp-content\/uploads\/2020\/05\/anell_verd_4-1430x804.jpeg 1430w, https:\/\/alzira.es\/wp-content\/uploads\/2020\/05\/anell_verd_4-768x432.jpeg 768w, https:\/\/alzira.es\/wp-content\/uploads\/2020\/05\/anell_verd_4-1536x864.jpeg 1536w\" data-sizes=\"(max-width: 700px) 100vw, 700px\" src=\"data:image\/svg+xml;base64,PHN2ZyB3aWR0aD0iMSIgaGVpZ2h0PSIxIiB4bWxucz0iaHR0cDovL3d3dy53My5vcmcvMjAwMC9zdmciPjwvc3ZnPg==\" style=\"--smush-placeholder-width: 700px; --smush-placeholder-aspect-ratio: 700\/394;\" \/><\/a>&nbsp;<a class=\"jcepopup\" style=\"font-size: 14.4px; text-align: center;\" type=\"image\" href=\"https:\/\/alzira.es\/wp-content\/uploads\/2020\/05\/anell_verd_5.jpeg\" target=\"_blank\" rel=\"noopener\"><img decoding=\"async\" class=\"size-full wp-image-49265 lazyload\" data-src=\"https:\/\/alzira.es\/wp-content\/uploads\/2020\/05\/anell_verd_5.jpeg\" alt=\"anell verd 5\" width=\"700\" height=\"525\" data-srcset=\"https:\/\/alzira.es\/wp-content\/uploads\/2020\/05\/anell_verd_5.jpeg 2048w, https:\/\/alzira.es\/wp-content\/uploads\/2020\/05\/anell_verd_5-680x510.jpeg 680w, https:\/\/alzira.es\/wp-content\/uploads\/2020\/05\/anell_verd_5-1430x1072.jpeg 1430w, https:\/\/alzira.es\/wp-content\/uploads\/2020\/05\/anell_verd_5-768x576.jpeg 768w, https:\/\/alzira.es\/wp-content\/uploads\/2020\/05\/anell_verd_5-1536x1152.jpeg 1536w\" data-sizes=\"(max-width: 700px) 100vw, 700px\" src=\"data:image\/svg+xml;base64,PHN2ZyB3aWR0aD0iMSIgaGVpZ2h0PSIxIiB4bWxucz0iaHR0cDovL3d3dy53My5vcmcvMjAwMC9zdmciPjwvc3ZnPg==\" style=\"--smush-placeholder-width: 700px; --smush-placeholder-aspect-ratio: 700\/525;\" \/><\/a>&nbsp;<a class=\"jcepopup\" style=\"font-size: 14.4px; text-align: center;\" type=\"image\" href=\"https:\/\/alzira.es\/wp-content\/uploads\/2020\/05\/anell_verd_3.jpeg\" target=\"_blank\" rel=\"noopener\"><img decoding=\"async\" class=\"size-full wp-image-49267 lazyload\" data-src=\"https:\/\/alzira.es\/wp-content\/uploads\/2020\/05\/anell_verd_3.jpeg\" alt=\"anell verd 3\" width=\"295\" height=\"525\" data-srcset=\"https:\/\/alzira.es\/wp-content\/uploads\/2020\/05\/anell_verd_3.jpeg 1080w, https:\/\/alzira.es\/wp-content\/uploads\/2020\/05\/anell_verd_3-287x510.jpeg 287w, https:\/\/alzira.es\/wp-content\/uploads\/2020\/05\/anell_verd_3-603x1072.jpeg 603w, https:\/\/alzira.es\/wp-content\/uploads\/2020\/05\/anell_verd_3-768x1365.jpeg 768w, https:\/\/alzira.es\/wp-content\/uploads\/2020\/05\/anell_verd_3-864x1536.jpeg 864w\" data-sizes=\"(max-width: 295px) 100vw, 295px\" src=\"data:image\/svg+xml;base64,PHN2ZyB3aWR0aD0iMSIgaGVpZ2h0PSIxIiB4bWxucz0iaHR0cDovL3d3dy53My5vcmcvMjAwMC9zdmciPjwvc3ZnPg==\" style=\"--smush-placeholder-width: 295px; --smush-placeholder-aspect-ratio: 295\/525;\" \/><\/a><\/p>\n","protected":false},"excerpt":{"rendered":"<p>\u2022 La ruta compta amb panells explicatius adaptats amb pictogrames L&#8217;Ajuntament d&#8217;Alzira recomana l&#8217;\u00fas de l&#8217;Anell Verd com una de les zones verdes annexes a la ciutat en la qual podem practicar esport o caminar estos dies, al temps que gaudim de la natura. En aquests moments de descalada, l&#8217;Anell Verd \u00e9s l&#8217;espai on els &hellip; <\/p>\n<p class=\"link-more\"><a href=\"https:\/\/alzira.es\/es\/l-anell-verd-zona-d-esplai-i-d-aprenentatge-natural-2\/\" class=\"more-link\">Continuar leyendo<span class=\"screen-reader-text\"> \u00abL\u2019Anell Verd, zona d\u2019esplai i d\u2019aprenentatge natural\u00bb<\/span><\/a><\/p>\n","protected":false},"author":29,"featured_media":49261,"comment_status":"","ping_status":"","sticky":false,"template":"","format":"standard","meta":{"_acf_changed":false,"footnotes":""},"categories":[],"tags":[],"class_list":["post-49271","post","type-post","status-publish","format-standard","has-post-thumbnail","hentry"],"acf":[],"_links":{"self":[{"href":"https:\/\/alzira.es\/es\/wp-json\/wp\/v2\/posts\/49271","targetHints":{"allow":["GET"]}}],"collection":[{"href":"https:\/\/alzira.es\/es\/wp-json\/wp\/v2\/posts"}],"about":[{"href":"https:\/\/alzira.es\/es\/wp-json\/wp\/v2\/types\/post"}],"author":[{"embeddable":true,"href":"https:\/\/alzira.es\/es\/wp-json\/wp\/v2\/users\/29"}],"replies":[{"embeddable":true,"href":"https:\/\/alzira.es\/es\/wp-json\/wp\/v2\/comments?post=49271"}],"version-history":[{"count":0,"href":"https:\/\/alzira.es\/es\/wp-json\/wp\/v2\/posts\/49271\/revisions"}],"wp:featuredmedia":[{"embeddable":true,"href":"https:\/\/alzira.es\/es\/wp-json\/wp\/v2\/media\/49261"}],"wp:attachment":[{"href":"https:\/\/alzira.es\/es\/wp-json\/wp\/v2\/media?parent=49271"}],"wp:term":[{"taxonomy":"category","embeddable":true,"href":"https:\/\/alzira.es\/es\/wp-json\/wp\/v2\/categories?post=49271"},{"taxonomy":"post_tag","embeddable":true,"href":"https:\/\/alzira.es\/es\/wp-json\/wp\/v2\/tags?post=49271"}],"curies":[{"name":"wp","href":"https:\/\/api.w.org\/{rel}","templated":true}]}}