{"id":49259,"date":"2020-05-07T21:47:47","date_gmt":"2020-05-07T19:47:47","guid":{"rendered":"https:\/\/alzira.es\/el-dilluns-11-de-maig-obri-de-nou-la-ciutat-esportiva-jorge-martinez-aspar-2\/"},"modified":"2020-05-07T21:47:47","modified_gmt":"2020-05-07T19:47:47","slug":"el-dilluns-11-de-maig-obri-de-nou-la-ciutat-esportiva-jorge-martinez-aspar-2","status":"publish","type":"post","link":"https:\/\/alzira.es\/es\/el-dilluns-11-de-maig-obri-de-nou-la-ciutat-esportiva-jorge-martinez-aspar-2\/","title":{"rendered":"El dilluns 11 de maig obri de nou la Ciutat Esportiva Jorge Mart\u00ednez Aspar"},"content":{"rendered":"<p>\u2022 El regidoria d&#8217;Esports, encap\u00e7alada per <strong>Fernando Pascual<\/strong>, <span style=\"text-decoration: underline;\">ha iniciat les tasques de condicionament de la instal\u00b7laci\u00f3 poliesportiva de Tulell que podr\u00e0 obrir-se en la fase 1 de la desescalada<\/span><\/p>\n<p>A dia de hui portem 53 dies de confinament, un esfor\u00e7 col\u00b7lectiu que ens ha perm\u00e9s anar guanyant la batalla a la Covid-19. Ens hem tingut que acostumar a realitzar esport a casa. Des del 2 de maig podem, atenint-nos a una s\u00e8rie de franges hor\u00e0ries, eixir a practicar esport de manera individual, i si res ho impedeix donarem un pas m\u00e9s a partir de l&#8217;11 de maig, una vegada encetem la fase 1 de la desescalada.<\/p>\n<p>Per tal que tot estiga llest l&#8217;equip de professionals de manteniment de les zones esportives d&#8217;Alzira han iniciat les tasques de condicionament del poliesportiu a l&#8217;aire lliure<em> \u00abJorge Mart\u00ednez Aspar\u00bb<\/em>, en la zona de Tulell.<\/p>\n<p><strong>Fernando Pascual<\/strong>, regidor d&#8217;Esports, ha traslladat al personal de manteniment la necessitat de tindre a punt el poliesportiu al aire lliure, ja que a partir de l&#8217;11 de maig la Conselleria de Sanitat autoritzar\u00e0 l&#8217;obertura d&#8217;este tipus d&#8217;instal\u00b7lacions sense p\u00fablic, (nom\u00e9s per a la pr\u00e0ctica de l&#8217;esport, per\u00f2 sense contacte).<\/p>\n<p><strong>L&#8217;horari d&#8217;obertura ser\u00e0 el seg\u00fcent:<\/strong> de dilluns a divendres, de 8 a 14 i de 17 a 23 hores; dissabte, de 8 a 14 i de 17 a 22 hores; i diumenges, de 8 a 14 hores.<\/p>\n<p><em>\u00abLa nostra intenci\u00f3 \u00e9s tindreu tot en les condicions id\u00f2nies per tal de facilitar a les i els esportistes la possibilitat d&#8217;exercitar-se en les instal\u00b7lacions municipals en el moment en que la desescalada per fases ens permetr\u00e0 el seu \u00fas, i si res ens ho impedeix ser\u00e0 en uns dies\u00bb<\/em>, segons ha manifestat el regidor.<\/p>\n<p style=\"text-align: center;\"><a class=\"jcepopup\" href=\"https:\/\/alzira.es\/wp-content\/uploads\/2020\/05\/Poliesportiu_Tulell-20200505-WA0024.jpg\" target=\"_blank\" rel=\"noopener\"><img fetchpriority=\"high\" decoding=\"async\" class=\" size-full wp-image-49236\" src=\"https:\/\/alzira.es\/wp-content\/uploads\/2020\/05\/Poliesportiu_Tulell-20200505-WA0024.jpg\" alt=\"Poliesportiu Tulell-20200505-WA0024\" width=\"400\" height=\"300\" srcset=\"https:\/\/alzira.es\/wp-content\/uploads\/2020\/05\/Poliesportiu_Tulell-20200505-WA0024.jpg 1024w, https:\/\/alzira.es\/wp-content\/uploads\/2020\/05\/Poliesportiu_Tulell-20200505-WA0024-680x510.jpg 680w, https:\/\/alzira.es\/wp-content\/uploads\/2020\/05\/Poliesportiu_Tulell-20200505-WA0024-768x576.jpg 768w\" sizes=\"(max-width: 400px) 100vw, 400px\" \/><\/a>&nbsp;<a class=\"jcepopup\" style=\"font-size: 14.4px; text-align: center;\" type=\"image\" href=\"https:\/\/alzira.es\/wp-content\/uploads\/2020\/05\/Poliesportiu_Tulell-20200505-WA0025.jpg\" target=\"_blank\" rel=\"noopener\"><img decoding=\"async\" class=\"size-full wp-image-49238 lazyload\" data-src=\"https:\/\/alzira.es\/wp-content\/uploads\/2020\/05\/Poliesportiu_Tulell-20200505-WA0025.jpg\" alt=\"Poliesportiu Tulell-20200505-WA0025\" width=\"400\" height=\"300\" data-srcset=\"https:\/\/alzira.es\/wp-content\/uploads\/2020\/05\/Poliesportiu_Tulell-20200505-WA0025.jpg 1024w, https:\/\/alzira.es\/wp-content\/uploads\/2020\/05\/Poliesportiu_Tulell-20200505-WA0025-680x510.jpg 680w, https:\/\/alzira.es\/wp-content\/uploads\/2020\/05\/Poliesportiu_Tulell-20200505-WA0025-768x576.jpg 768w\" data-sizes=\"(max-width: 400px) 100vw, 400px\" src=\"data:image\/svg+xml;base64,PHN2ZyB3aWR0aD0iMSIgaGVpZ2h0PSIxIiB4bWxucz0iaHR0cDovL3d3dy53My5vcmcvMjAwMC9zdmciPjwvc3ZnPg==\" style=\"--smush-placeholder-width: 400px; --smush-placeholder-aspect-ratio: 400\/300;\" \/><\/a>&nbsp;<a class=\"jcepopup\" style=\"font-size: 14.4px; text-align: center;\" type=\"image\" href=\"https:\/\/alzira.es\/wp-content\/uploads\/2020\/05\/Poliesportiu_Tulell-20200505-WA0026.jpg\" target=\"_blank\" rel=\"noopener\"><img decoding=\"async\" class=\"size-full wp-image-49240 lazyload\" data-src=\"https:\/\/alzira.es\/wp-content\/uploads\/2020\/05\/Poliesportiu_Tulell-20200505-WA0026.jpg\" alt=\"Poliesportiu Tulell-20200505-WA0026\" width=\"400\" height=\"300\" data-srcset=\"https:\/\/alzira.es\/wp-content\/uploads\/2020\/05\/Poliesportiu_Tulell-20200505-WA0026.jpg 1024w, https:\/\/alzira.es\/wp-content\/uploads\/2020\/05\/Poliesportiu_Tulell-20200505-WA0026-680x510.jpg 680w, https:\/\/alzira.es\/wp-content\/uploads\/2020\/05\/Poliesportiu_Tulell-20200505-WA0026-768x576.jpg 768w\" data-sizes=\"(max-width: 400px) 100vw, 400px\" src=\"data:image\/svg+xml;base64,PHN2ZyB3aWR0aD0iMSIgaGVpZ2h0PSIxIiB4bWxucz0iaHR0cDovL3d3dy53My5vcmcvMjAwMC9zdmciPjwvc3ZnPg==\" style=\"--smush-placeholder-width: 400px; --smush-placeholder-aspect-ratio: 400\/300;\" \/><\/a>&nbsp;<a class=\"jcepopup\" style=\"font-size: 14.4px; text-align: center;\" type=\"image\" href=\"https:\/\/alzira.es\/wp-content\/uploads\/2020\/05\/Poliesportiu_Tulell-20200505-WA0027.jpg\" target=\"_blank\" rel=\"noopener\"><img decoding=\"async\" class=\"size-full wp-image-49243 lazyload\" data-src=\"https:\/\/alzira.es\/wp-content\/uploads\/2020\/05\/Poliesportiu_Tulell-20200505-WA0027.jpg\" alt=\"Poliesportiu Tulell-20200505-WA0027\" width=\"400\" height=\"300\" data-srcset=\"https:\/\/alzira.es\/wp-content\/uploads\/2020\/05\/Poliesportiu_Tulell-20200505-WA0027.jpg 1024w, https:\/\/alzira.es\/wp-content\/uploads\/2020\/05\/Poliesportiu_Tulell-20200505-WA0027-680x510.jpg 680w, https:\/\/alzira.es\/wp-content\/uploads\/2020\/05\/Poliesportiu_Tulell-20200505-WA0027-768x576.jpg 768w\" data-sizes=\"(max-width: 400px) 100vw, 400px\" src=\"data:image\/svg+xml;base64,PHN2ZyB3aWR0aD0iMSIgaGVpZ2h0PSIxIiB4bWxucz0iaHR0cDovL3d3dy53My5vcmcvMjAwMC9zdmciPjwvc3ZnPg==\" style=\"--smush-placeholder-width: 400px; --smush-placeholder-aspect-ratio: 400\/300;\" \/><\/a>&nbsp;<a class=\"jcepopup\" style=\"font-size: 14.4px; text-align: center;\" type=\"image\" href=\"https:\/\/alzira.es\/wp-content\/uploads\/2020\/05\/Poliesportiu_Tulell-20200505-WA0028.jpg\" target=\"_blank\" rel=\"noopener\"><img decoding=\"async\" class=\"size-full wp-image-49246 lazyload\" data-src=\"https:\/\/alzira.es\/wp-content\/uploads\/2020\/05\/Poliesportiu_Tulell-20200505-WA0028.jpg\" alt=\"Poliesportiu Tulell-20200505-WA0028\" width=\"400\" height=\"300\" data-srcset=\"https:\/\/alzira.es\/wp-content\/uploads\/2020\/05\/Poliesportiu_Tulell-20200505-WA0028.jpg 1024w, https:\/\/alzira.es\/wp-content\/uploads\/2020\/05\/Poliesportiu_Tulell-20200505-WA0028-680x510.jpg 680w, https:\/\/alzira.es\/wp-content\/uploads\/2020\/05\/Poliesportiu_Tulell-20200505-WA0028-768x576.jpg 768w\" data-sizes=\"(max-width: 400px) 100vw, 400px\" src=\"data:image\/svg+xml;base64,PHN2ZyB3aWR0aD0iMSIgaGVpZ2h0PSIxIiB4bWxucz0iaHR0cDovL3d3dy53My5vcmcvMjAwMC9zdmciPjwvc3ZnPg==\" style=\"--smush-placeholder-width: 400px; --smush-placeholder-aspect-ratio: 400\/300;\" \/><\/a>&nbsp;<a class=\"jcepopup\" style=\"font-size: 14.4px; text-align: center;\" type=\"image\" href=\"https:\/\/alzira.es\/wp-content\/uploads\/2020\/05\/Poliesportiu_Tulell-20200505-WA0029.jpg\" target=\"_blank\" rel=\"noopener\"><img decoding=\"async\" class=\"size-full wp-image-49248 lazyload\" data-src=\"https:\/\/alzira.es\/wp-content\/uploads\/2020\/05\/Poliesportiu_Tulell-20200505-WA0029.jpg\" alt=\"Poliesportiu Tulell-20200505-WA0029\" width=\"400\" height=\"300\" data-srcset=\"https:\/\/alzira.es\/wp-content\/uploads\/2020\/05\/Poliesportiu_Tulell-20200505-WA0029.jpg 1024w, https:\/\/alzira.es\/wp-content\/uploads\/2020\/05\/Poliesportiu_Tulell-20200505-WA0029-680x510.jpg 680w, https:\/\/alzira.es\/wp-content\/uploads\/2020\/05\/Poliesportiu_Tulell-20200505-WA0029-768x576.jpg 768w\" data-sizes=\"(max-width: 400px) 100vw, 400px\" src=\"data:image\/svg+xml;base64,PHN2ZyB3aWR0aD0iMSIgaGVpZ2h0PSIxIiB4bWxucz0iaHR0cDovL3d3dy53My5vcmcvMjAwMC9zdmciPjwvc3ZnPg==\" style=\"--smush-placeholder-width: 400px; --smush-placeholder-aspect-ratio: 400\/300;\" \/><\/a>&nbsp;<a class=\"jcepopup\" style=\"font-size: 14.4px; text-align: center;\" type=\"image\" href=\"https:\/\/alzira.es\/wp-content\/uploads\/2020\/05\/Poliesportiu_Tulell-20200505-WA0030.jpg\" target=\"_blank\" rel=\"noopener\"><img decoding=\"async\" class=\"size-full wp-image-49250 lazyload\" data-src=\"https:\/\/alzira.es\/wp-content\/uploads\/2020\/05\/Poliesportiu_Tulell-20200505-WA0030.jpg\" alt=\"Poliesportiu Tulell-20200505-WA0030\" width=\"400\" height=\"300\" data-srcset=\"https:\/\/alzira.es\/wp-content\/uploads\/2020\/05\/Poliesportiu_Tulell-20200505-WA0030.jpg 1024w, https:\/\/alzira.es\/wp-content\/uploads\/2020\/05\/Poliesportiu_Tulell-20200505-WA0030-680x510.jpg 680w, https:\/\/alzira.es\/wp-content\/uploads\/2020\/05\/Poliesportiu_Tulell-20200505-WA0030-768x576.jpg 768w\" data-sizes=\"(max-width: 400px) 100vw, 400px\" src=\"data:image\/svg+xml;base64,PHN2ZyB3aWR0aD0iMSIgaGVpZ2h0PSIxIiB4bWxucz0iaHR0cDovL3d3dy53My5vcmcvMjAwMC9zdmciPjwvc3ZnPg==\" style=\"--smush-placeholder-width: 400px; --smush-placeholder-aspect-ratio: 400\/300;\" \/><\/a>&nbsp;<a class=\"jcepopup\" style=\"font-size: 14.4px; text-align: center;\" type=\"image\" href=\"https:\/\/alzira.es\/wp-content\/uploads\/2020\/05\/Poliesportiu_Tulell-20200505-WA0031.jpg\" target=\"_blank\" rel=\"noopener\"><img decoding=\"async\" class=\"size-full wp-image-49252 lazyload\" data-src=\"https:\/\/alzira.es\/wp-content\/uploads\/2020\/05\/Poliesportiu_Tulell-20200505-WA0031.jpg\" alt=\"Poliesportiu Tulell-20200505-WA0031\" width=\"400\" height=\"300\" data-srcset=\"https:\/\/alzira.es\/wp-content\/uploads\/2020\/05\/Poliesportiu_Tulell-20200505-WA0031.jpg 1024w, https:\/\/alzira.es\/wp-content\/uploads\/2020\/05\/Poliesportiu_Tulell-20200505-WA0031-680x510.jpg 680w, https:\/\/alzira.es\/wp-content\/uploads\/2020\/05\/Poliesportiu_Tulell-20200505-WA0031-768x576.jpg 768w\" data-sizes=\"(max-width: 400px) 100vw, 400px\" src=\"data:image\/svg+xml;base64,PHN2ZyB3aWR0aD0iMSIgaGVpZ2h0PSIxIiB4bWxucz0iaHR0cDovL3d3dy53My5vcmcvMjAwMC9zdmciPjwvc3ZnPg==\" style=\"--smush-placeholder-width: 400px; --smush-placeholder-aspect-ratio: 400\/300;\" \/><\/a>&nbsp;<a class=\"jcepopup\" style=\"font-size: 14.4px; text-align: center;\" type=\"image\" href=\"https:\/\/alzira.es\/wp-content\/uploads\/2020\/05\/Poliesportiu_Tulell-20200505-WA0032.jpg\" target=\"_blank\" rel=\"noopener\"><img decoding=\"async\" class=\"size-full wp-image-49255 lazyload\" data-src=\"https:\/\/alzira.es\/wp-content\/uploads\/2020\/05\/Poliesportiu_Tulell-20200505-WA0032.jpg\" alt=\"Poliesportiu Tulell-20200505-WA0032\" width=\"400\" height=\"300\" data-srcset=\"https:\/\/alzira.es\/wp-content\/uploads\/2020\/05\/Poliesportiu_Tulell-20200505-WA0032.jpg 1024w, https:\/\/alzira.es\/wp-content\/uploads\/2020\/05\/Poliesportiu_Tulell-20200505-WA0032-680x510.jpg 680w, https:\/\/alzira.es\/wp-content\/uploads\/2020\/05\/Poliesportiu_Tulell-20200505-WA0032-768x576.jpg 768w\" data-sizes=\"(max-width: 400px) 100vw, 400px\" src=\"data:image\/svg+xml;base64,PHN2ZyB3aWR0aD0iMSIgaGVpZ2h0PSIxIiB4bWxucz0iaHR0cDovL3d3dy53My5vcmcvMjAwMC9zdmciPjwvc3ZnPg==\" style=\"--smush-placeholder-width: 400px; --smush-placeholder-aspect-ratio: 400\/300;\" \/><\/a><\/p>\n","protected":false},"excerpt":{"rendered":"<p>\u2022 El regidoria d&#8217;Esports, encap\u00e7alada per Fernando Pascual, ha iniciat les tasques de condicionament de la instal\u00b7laci\u00f3 poliesportiva de Tulell que podr\u00e0 obrir-se en la fase 1 de la desescalada A dia de hui portem 53 dies de confinament, un esfor\u00e7 col\u00b7lectiu que ens ha perm\u00e9s anar guanyant la batalla a la Covid-19. Ens hem &hellip; <\/p>\n<p class=\"link-more\"><a href=\"https:\/\/alzira.es\/es\/el-dilluns-11-de-maig-obri-de-nou-la-ciutat-esportiva-jorge-martinez-aspar-2\/\" class=\"more-link\">Continuar leyendo<span class=\"screen-reader-text\"> \u00abEl dilluns 11 de maig obri de nou la Ciutat Esportiva Jorge Mart\u00ednez Aspar\u00bb<\/span><\/a><\/p>\n","protected":false},"author":29,"featured_media":49236,"comment_status":"","ping_status":"","sticky":false,"template":"","format":"standard","meta":{"_acf_changed":false,"footnotes":""},"categories":[],"tags":[],"class_list":["post-49259","post","type-post","status-publish","format-standard","has-post-thumbnail","hentry"],"acf":[],"_links":{"self":[{"href":"https:\/\/alzira.es\/es\/wp-json\/wp\/v2\/posts\/49259","targetHints":{"allow":["GET"]}}],"collection":[{"href":"https:\/\/alzira.es\/es\/wp-json\/wp\/v2\/posts"}],"about":[{"href":"https:\/\/alzira.es\/es\/wp-json\/wp\/v2\/types\/post"}],"author":[{"embeddable":true,"href":"https:\/\/alzira.es\/es\/wp-json\/wp\/v2\/users\/29"}],"replies":[{"embeddable":true,"href":"https:\/\/alzira.es\/es\/wp-json\/wp\/v2\/comments?post=49259"}],"version-history":[{"count":0,"href":"https:\/\/alzira.es\/es\/wp-json\/wp\/v2\/posts\/49259\/revisions"}],"wp:featuredmedia":[{"embeddable":true,"href":"https:\/\/alzira.es\/es\/wp-json\/wp\/v2\/media\/49236"}],"wp:attachment":[{"href":"https:\/\/alzira.es\/es\/wp-json\/wp\/v2\/media?parent=49259"}],"wp:term":[{"taxonomy":"category","embeddable":true,"href":"https:\/\/alzira.es\/es\/wp-json\/wp\/v2\/categories?post=49259"},{"taxonomy":"post_tag","embeddable":true,"href":"https:\/\/alzira.es\/es\/wp-json\/wp\/v2\/tags?post=49259"}],"curies":[{"name":"wp","href":"https:\/\/api.w.org\/{rel}","templated":true}]}}