{"id":49257,"date":"2020-05-07T21:47:47","date_gmt":"2020-05-07T19:47:47","guid":{"rendered":"https:\/\/alzira.es\/el-dilluns-11-de-maig-obri-de-nou-la-ciutat-esportiva-jorge-martinez-aspar\/"},"modified":"2020-05-07T21:47:47","modified_gmt":"2020-05-07T19:47:47","slug":"el-dilluns-11-de-maig-obri-de-nou-la-ciutat-esportiva-jorge-martinez-aspar","status":"publish","type":"post","link":"https:\/\/alzira.es\/es\/el-dilluns-11-de-maig-obri-de-nou-la-ciutat-esportiva-jorge-martinez-aspar\/","title":{"rendered":"El lunes 11 de mayo abre de nuevo la Ciudad Deportiva Jorge Mart\u00ednez Aspar"},"content":{"rendered":"<p>\u2022 El concejal\u00eda de Deportes, encabezada por<strong> Fernando Pascual<\/strong>, ha iniciado las tareas de acondicionamiento de la instalaci\u00f3n polideportiva de Tulell que podr\u00e1 abrirse en la fase 1 de la desescalada<\/p>\n<p>A d\u00eda de hoy llevamos 53 d\u00edas de confinamiento, un esfuerzo colectivo que nos ha permitido ir ganando la batalla a la Covid-19. Nos hemos tenido que acostumbrar a realizar deportes en casa. Desde el 2 de mayo podemos, ateni\u00e9ndonos a una serie de franjas horarias, salir a practicar deporte de manera individual, y si nada lo impide daremos un paso m\u00e1s a partir del 11 de mayo, una vez comenzamos la fase 1 de la desescalada.<\/p>\n<p>Para que todo est\u00e9 listo el equipo de profesionales de mantenimiento de las zonas deportivas de Alzira han iniciado las tareas de acondicionamiento del polideportivo al aire libre <em>\u00abJorge Mart\u00ednez Aspar\u00bb<\/em>, en la zona de Tulell.<\/p>\n<p><strong>Fernando Pascual<\/strong>, regidor de Deportes, ha trasladado al personal de mantenimiento la necesidad de tener a punto el polideportivo al aire libre, puesto que a partir del 11 de mayo la Conseller\u00eda de Sanidad autorizar\u00e1 la apertura de este tipo de instalaciones sin p\u00fablico, (solo para la pr\u00e1ctica del deporte, pero sin contacto).<\/p>\n<p><strong>El horario de apertura ser\u00e1 el siguiente<\/strong>: de lunes a viernes, de 8 a 14 y de 17 a 23 horas; s\u00e1bado, de 8 a 14 y de 17 a 22 horas; y domingos, de 8 a 14 horas.<\/p>\n<p><em>\u00abNuestra intenci\u00f3n es tenerlo todo en las condiciones id\u00f3neas para facilitar a las y los deportistas la posibilidad de ejercitarse en las instalaciones municipales en el momento en que la desescalada por fases nos permitir\u00e1 su uso, y si nada nos lo impide ser\u00e1 en unos d\u00edas\u00bb<\/em>, seg\u00fan ha manifestado el regidor.<\/p>\n<p style=\"text-align: center;\"><a class=\"jcepopup\" href=\"https:\/\/alzira.es\/wp-content\/uploads\/2020\/05\/Poliesportiu_Tulell-20200505-WA0024.jpg\" target=\"_blank\" rel=\"noopener\"><img fetchpriority=\"high\" decoding=\"async\" class=\" size-full wp-image-49236\" src=\"https:\/\/alzira.es\/wp-content\/uploads\/2020\/05\/Poliesportiu_Tulell-20200505-WA0024.jpg\" alt=\"Poliesportiu Tulell-20200505-WA0024\" width=\"400\" height=\"300\" srcset=\"https:\/\/alzira.es\/wp-content\/uploads\/2020\/05\/Poliesportiu_Tulell-20200505-WA0024.jpg 1024w, https:\/\/alzira.es\/wp-content\/uploads\/2020\/05\/Poliesportiu_Tulell-20200505-WA0024-680x510.jpg 680w, https:\/\/alzira.es\/wp-content\/uploads\/2020\/05\/Poliesportiu_Tulell-20200505-WA0024-768x576.jpg 768w\" sizes=\"(max-width: 400px) 100vw, 400px\" \/><\/a>&nbsp;<a class=\"jcepopup\" style=\"font-size: 14.4px; text-align: center;\" type=\"image\" href=\"https:\/\/alzira.es\/wp-content\/uploads\/2020\/05\/Poliesportiu_Tulell-20200505-WA0025.jpg\" target=\"_blank\" rel=\"noopener\"><img decoding=\"async\" class=\"size-full wp-image-49238 lazyload\" data-src=\"https:\/\/alzira.es\/wp-content\/uploads\/2020\/05\/Poliesportiu_Tulell-20200505-WA0025.jpg\" alt=\"Poliesportiu Tulell-20200505-WA0025\" width=\"400\" height=\"300\" data-srcset=\"https:\/\/alzira.es\/wp-content\/uploads\/2020\/05\/Poliesportiu_Tulell-20200505-WA0025.jpg 1024w, https:\/\/alzira.es\/wp-content\/uploads\/2020\/05\/Poliesportiu_Tulell-20200505-WA0025-680x510.jpg 680w, https:\/\/alzira.es\/wp-content\/uploads\/2020\/05\/Poliesportiu_Tulell-20200505-WA0025-768x576.jpg 768w\" data-sizes=\"(max-width: 400px) 100vw, 400px\" src=\"data:image\/svg+xml;base64,PHN2ZyB3aWR0aD0iMSIgaGVpZ2h0PSIxIiB4bWxucz0iaHR0cDovL3d3dy53My5vcmcvMjAwMC9zdmciPjwvc3ZnPg==\" style=\"--smush-placeholder-width: 400px; --smush-placeholder-aspect-ratio: 400\/300;\" \/><\/a>&nbsp;<a class=\"jcepopup\" style=\"font-size: 14.4px; text-align: center;\" type=\"image\" href=\"https:\/\/alzira.es\/wp-content\/uploads\/2020\/05\/Poliesportiu_Tulell-20200505-WA0026.jpg\" target=\"_blank\" rel=\"noopener\"><img decoding=\"async\" class=\"size-full wp-image-49240 lazyload\" data-src=\"https:\/\/alzira.es\/wp-content\/uploads\/2020\/05\/Poliesportiu_Tulell-20200505-WA0026.jpg\" alt=\"Poliesportiu Tulell-20200505-WA0026\" width=\"400\" height=\"300\" data-srcset=\"https:\/\/alzira.es\/wp-content\/uploads\/2020\/05\/Poliesportiu_Tulell-20200505-WA0026.jpg 1024w, https:\/\/alzira.es\/wp-content\/uploads\/2020\/05\/Poliesportiu_Tulell-20200505-WA0026-680x510.jpg 680w, https:\/\/alzira.es\/wp-content\/uploads\/2020\/05\/Poliesportiu_Tulell-20200505-WA0026-768x576.jpg 768w\" data-sizes=\"(max-width: 400px) 100vw, 400px\" src=\"data:image\/svg+xml;base64,PHN2ZyB3aWR0aD0iMSIgaGVpZ2h0PSIxIiB4bWxucz0iaHR0cDovL3d3dy53My5vcmcvMjAwMC9zdmciPjwvc3ZnPg==\" style=\"--smush-placeholder-width: 400px; --smush-placeholder-aspect-ratio: 400\/300;\" \/><\/a>&nbsp;<a class=\"jcepopup\" style=\"font-size: 14.4px; text-align: center;\" type=\"image\" href=\"https:\/\/alzira.es\/wp-content\/uploads\/2020\/05\/Poliesportiu_Tulell-20200505-WA0027.jpg\" target=\"_blank\" rel=\"noopener\"><img decoding=\"async\" class=\"size-full wp-image-49243 lazyload\" data-src=\"https:\/\/alzira.es\/wp-content\/uploads\/2020\/05\/Poliesportiu_Tulell-20200505-WA0027.jpg\" alt=\"Poliesportiu Tulell-20200505-WA0027\" width=\"400\" height=\"300\" data-srcset=\"https:\/\/alzira.es\/wp-content\/uploads\/2020\/05\/Poliesportiu_Tulell-20200505-WA0027.jpg 1024w, https:\/\/alzira.es\/wp-content\/uploads\/2020\/05\/Poliesportiu_Tulell-20200505-WA0027-680x510.jpg 680w, https:\/\/alzira.es\/wp-content\/uploads\/2020\/05\/Poliesportiu_Tulell-20200505-WA0027-768x576.jpg 768w\" data-sizes=\"(max-width: 400px) 100vw, 400px\" src=\"data:image\/svg+xml;base64,PHN2ZyB3aWR0aD0iMSIgaGVpZ2h0PSIxIiB4bWxucz0iaHR0cDovL3d3dy53My5vcmcvMjAwMC9zdmciPjwvc3ZnPg==\" style=\"--smush-placeholder-width: 400px; --smush-placeholder-aspect-ratio: 400\/300;\" \/><\/a>&nbsp;<a class=\"jcepopup\" style=\"font-size: 14.4px; text-align: center;\" type=\"image\" href=\"https:\/\/alzira.es\/wp-content\/uploads\/2020\/05\/Poliesportiu_Tulell-20200505-WA0028.jpg\" target=\"_blank\" rel=\"noopener\"><img decoding=\"async\" class=\"size-full wp-image-49246 lazyload\" data-src=\"https:\/\/alzira.es\/wp-content\/uploads\/2020\/05\/Poliesportiu_Tulell-20200505-WA0028.jpg\" alt=\"Poliesportiu Tulell-20200505-WA0028\" width=\"400\" height=\"300\" data-srcset=\"https:\/\/alzira.es\/wp-content\/uploads\/2020\/05\/Poliesportiu_Tulell-20200505-WA0028.jpg 1024w, https:\/\/alzira.es\/wp-content\/uploads\/2020\/05\/Poliesportiu_Tulell-20200505-WA0028-680x510.jpg 680w, https:\/\/alzira.es\/wp-content\/uploads\/2020\/05\/Poliesportiu_Tulell-20200505-WA0028-768x576.jpg 768w\" data-sizes=\"(max-width: 400px) 100vw, 400px\" src=\"data:image\/svg+xml;base64,PHN2ZyB3aWR0aD0iMSIgaGVpZ2h0PSIxIiB4bWxucz0iaHR0cDovL3d3dy53My5vcmcvMjAwMC9zdmciPjwvc3ZnPg==\" style=\"--smush-placeholder-width: 400px; --smush-placeholder-aspect-ratio: 400\/300;\" \/><\/a>&nbsp;<a class=\"jcepopup\" style=\"font-size: 14.4px; text-align: center;\" type=\"image\" href=\"https:\/\/alzira.es\/wp-content\/uploads\/2020\/05\/Poliesportiu_Tulell-20200505-WA0029.jpg\" target=\"_blank\" rel=\"noopener\"><img decoding=\"async\" class=\"size-full wp-image-49248 lazyload\" data-src=\"https:\/\/alzira.es\/wp-content\/uploads\/2020\/05\/Poliesportiu_Tulell-20200505-WA0029.jpg\" alt=\"Poliesportiu Tulell-20200505-WA0029\" width=\"400\" height=\"300\" data-srcset=\"https:\/\/alzira.es\/wp-content\/uploads\/2020\/05\/Poliesportiu_Tulell-20200505-WA0029.jpg 1024w, https:\/\/alzira.es\/wp-content\/uploads\/2020\/05\/Poliesportiu_Tulell-20200505-WA0029-680x510.jpg 680w, https:\/\/alzira.es\/wp-content\/uploads\/2020\/05\/Poliesportiu_Tulell-20200505-WA0029-768x576.jpg 768w\" data-sizes=\"(max-width: 400px) 100vw, 400px\" src=\"data:image\/svg+xml;base64,PHN2ZyB3aWR0aD0iMSIgaGVpZ2h0PSIxIiB4bWxucz0iaHR0cDovL3d3dy53My5vcmcvMjAwMC9zdmciPjwvc3ZnPg==\" style=\"--smush-placeholder-width: 400px; --smush-placeholder-aspect-ratio: 400\/300;\" \/><\/a>&nbsp;<a class=\"jcepopup\" style=\"font-size: 14.4px; text-align: center;\" type=\"image\" href=\"https:\/\/alzira.es\/wp-content\/uploads\/2020\/05\/Poliesportiu_Tulell-20200505-WA0030.jpg\" target=\"_blank\" rel=\"noopener\"><img decoding=\"async\" class=\"size-full wp-image-49250 lazyload\" data-src=\"https:\/\/alzira.es\/wp-content\/uploads\/2020\/05\/Poliesportiu_Tulell-20200505-WA0030.jpg\" alt=\"Poliesportiu Tulell-20200505-WA0030\" width=\"400\" height=\"300\" data-srcset=\"https:\/\/alzira.es\/wp-content\/uploads\/2020\/05\/Poliesportiu_Tulell-20200505-WA0030.jpg 1024w, https:\/\/alzira.es\/wp-content\/uploads\/2020\/05\/Poliesportiu_Tulell-20200505-WA0030-680x510.jpg 680w, https:\/\/alzira.es\/wp-content\/uploads\/2020\/05\/Poliesportiu_Tulell-20200505-WA0030-768x576.jpg 768w\" data-sizes=\"(max-width: 400px) 100vw, 400px\" src=\"data:image\/svg+xml;base64,PHN2ZyB3aWR0aD0iMSIgaGVpZ2h0PSIxIiB4bWxucz0iaHR0cDovL3d3dy53My5vcmcvMjAwMC9zdmciPjwvc3ZnPg==\" style=\"--smush-placeholder-width: 400px; --smush-placeholder-aspect-ratio: 400\/300;\" \/><\/a>&nbsp;<a class=\"jcepopup\" style=\"font-size: 14.4px; text-align: center;\" type=\"image\" href=\"https:\/\/alzira.es\/wp-content\/uploads\/2020\/05\/Poliesportiu_Tulell-20200505-WA0031.jpg\" target=\"_blank\" rel=\"noopener\"><img decoding=\"async\" class=\"size-full wp-image-49252 lazyload\" data-src=\"https:\/\/alzira.es\/wp-content\/uploads\/2020\/05\/Poliesportiu_Tulell-20200505-WA0031.jpg\" alt=\"Poliesportiu Tulell-20200505-WA0031\" width=\"400\" height=\"300\" data-srcset=\"https:\/\/alzira.es\/wp-content\/uploads\/2020\/05\/Poliesportiu_Tulell-20200505-WA0031.jpg 1024w, https:\/\/alzira.es\/wp-content\/uploads\/2020\/05\/Poliesportiu_Tulell-20200505-WA0031-680x510.jpg 680w, https:\/\/alzira.es\/wp-content\/uploads\/2020\/05\/Poliesportiu_Tulell-20200505-WA0031-768x576.jpg 768w\" data-sizes=\"(max-width: 400px) 100vw, 400px\" src=\"data:image\/svg+xml;base64,PHN2ZyB3aWR0aD0iMSIgaGVpZ2h0PSIxIiB4bWxucz0iaHR0cDovL3d3dy53My5vcmcvMjAwMC9zdmciPjwvc3ZnPg==\" style=\"--smush-placeholder-width: 400px; --smush-placeholder-aspect-ratio: 400\/300;\" \/><\/a>&nbsp;<a class=\"jcepopup\" style=\"font-size: 14.4px; text-align: center;\" type=\"image\" href=\"https:\/\/alzira.es\/wp-content\/uploads\/2020\/05\/Poliesportiu_Tulell-20200505-WA0032.jpg\" target=\"_blank\" rel=\"noopener\"><img decoding=\"async\" class=\"size-full wp-image-49255 lazyload\" data-src=\"https:\/\/alzira.es\/wp-content\/uploads\/2020\/05\/Poliesportiu_Tulell-20200505-WA0032.jpg\" alt=\"Poliesportiu Tulell-20200505-WA0032\" width=\"400\" height=\"300\" data-srcset=\"https:\/\/alzira.es\/wp-content\/uploads\/2020\/05\/Poliesportiu_Tulell-20200505-WA0032.jpg 1024w, https:\/\/alzira.es\/wp-content\/uploads\/2020\/05\/Poliesportiu_Tulell-20200505-WA0032-680x510.jpg 680w, https:\/\/alzira.es\/wp-content\/uploads\/2020\/05\/Poliesportiu_Tulell-20200505-WA0032-768x576.jpg 768w\" data-sizes=\"(max-width: 400px) 100vw, 400px\" src=\"data:image\/svg+xml;base64,PHN2ZyB3aWR0aD0iMSIgaGVpZ2h0PSIxIiB4bWxucz0iaHR0cDovL3d3dy53My5vcmcvMjAwMC9zdmciPjwvc3ZnPg==\" style=\"--smush-placeholder-width: 400px; --smush-placeholder-aspect-ratio: 400\/300;\" \/><\/a><\/p>\n","protected":false},"excerpt":{"rendered":"<p>\u2022 El concejal\u00eda de Deportes, encabezada por Fernando Pascual, ha iniciado las tareas de acondicionamiento de la instalaci\u00f3n polideportiva de Tulell que podr\u00e1 abrirse en la fase 1 de la desescalada A d\u00eda de hoy llevamos 53 d\u00edas de confinamiento, un esfuerzo colectivo que nos ha permitido ir ganando la batalla a la Covid-19. Nos &hellip; <\/p>\n<p class=\"link-more\"><a href=\"https:\/\/alzira.es\/es\/el-dilluns-11-de-maig-obri-de-nou-la-ciutat-esportiva-jorge-martinez-aspar\/\" class=\"more-link\">Continuar leyendo<span class=\"screen-reader-text\"> \u00abEl lunes 11 de mayo abre de nuevo la Ciudad Deportiva Jorge Mart\u00ednez Aspar\u00bb<\/span><\/a><\/p>\n","protected":false},"author":29,"featured_media":49236,"comment_status":"","ping_status":"","sticky":false,"template":"","format":"standard","meta":{"_acf_changed":false,"footnotes":""},"categories":[4936],"tags":[],"class_list":["post-49257","post","type-post","status-publish","format-standard","has-post-thumbnail","hentry","category-hemeroteca-es"],"acf":[],"_links":{"self":[{"href":"https:\/\/alzira.es\/es\/wp-json\/wp\/v2\/posts\/49257","targetHints":{"allow":["GET"]}}],"collection":[{"href":"https:\/\/alzira.es\/es\/wp-json\/wp\/v2\/posts"}],"about":[{"href":"https:\/\/alzira.es\/es\/wp-json\/wp\/v2\/types\/post"}],"author":[{"embeddable":true,"href":"https:\/\/alzira.es\/es\/wp-json\/wp\/v2\/users\/29"}],"replies":[{"embeddable":true,"href":"https:\/\/alzira.es\/es\/wp-json\/wp\/v2\/comments?post=49257"}],"version-history":[{"count":0,"href":"https:\/\/alzira.es\/es\/wp-json\/wp\/v2\/posts\/49257\/revisions"}],"wp:featuredmedia":[{"embeddable":true,"href":"https:\/\/alzira.es\/es\/wp-json\/wp\/v2\/media\/49236"}],"wp:attachment":[{"href":"https:\/\/alzira.es\/es\/wp-json\/wp\/v2\/media?parent=49257"}],"wp:term":[{"taxonomy":"category","embeddable":true,"href":"https:\/\/alzira.es\/es\/wp-json\/wp\/v2\/categories?post=49257"},{"taxonomy":"post_tag","embeddable":true,"href":"https:\/\/alzira.es\/es\/wp-json\/wp\/v2\/tags?post=49257"}],"curies":[{"name":"wp","href":"https:\/\/api.w.org\/{rel}","templated":true}]}}