{"id":48745,"date":"2020-04-13T19:08:42","date_gmt":"2020-04-13T17:08:42","guid":{"rendered":"https:\/\/alzira.es\/repartiment-de-mascaretes-al-transport-public-2\/"},"modified":"2020-04-13T19:08:42","modified_gmt":"2020-04-13T17:08:42","slug":"repartiment-de-mascaretes-al-transport-public-2","status":"publish","type":"post","link":"https:\/\/alzira.es\/es\/repartiment-de-mascaretes-al-transport-public-2\/","title":{"rendered":"Repartiment de mascaretes al transport p\u00fablic"},"content":{"rendered":"<p><span style=\"text-decoration: underline;\"><strong>INFORMACI\u00d3 A LA CIUTADANIA<\/strong><\/span><\/p>\n<p>Per a mantindre la seguretat en el transport p\u00fabli, seguint les indicacions del Govern Central, dem\u00e0 dimarts 14 d&#8217;abril i dimecres 15 d&#8217;abril, la Policia Local i Protecci\u00f3 Civil repartiran mascaretes a l&#8217;estaci\u00f3 de Renfe, estaci\u00f3 d&#8217;autob\u00fas i parades del bus urb\u00e0 per a les persones que es desplacen al seu lloc de treball.<\/p>\n<p>A m\u00e9s l&#8217;Ajuntament informa que continua treballant de manera coordinada amb la resta d&#8217;administracions per a poder subministrar mascaretes per a tota la ciutadania.<\/p>\n<p><strong>Recomanacions en l&#8217;\u00fas de mascaretes<\/strong>:<\/p>\n<p><strong>1<\/strong>. Llava&#8217;t les manas amb aigua i sab\u00f3 abans de posar-te-la<\/p>\n<p><strong>2<\/strong>. Cobrix-te la boca, el nas i la barbeta<\/p>\n<p><strong>3<\/strong>. Evita tocar-la mente la portes posada<\/p>\n<p><strong>4<\/strong>. Tira-la quan estiga humida i no la reutilitzes<\/p>\n<p><strong>5<\/strong>. Si pots evitar-ho, queda&#8217;t en casa<\/p>\n<p><img fetchpriority=\"high\" decoding=\"async\" src=\"contenidos\/IMG_20200413_185257_068.jpg\" alt=\"IMG 20200413 185257 068\" width=\"500\" height=\"281\" \/><\/p>\n","protected":false},"excerpt":{"rendered":"<p>INFORMACI\u00d3 A LA CIUTADANIA Per a mantindre la seguretat en el transport p\u00fabli, seguint les indicacions del Govern Central, dem\u00e0 dimarts 14 d&#8217;abril i dimecres 15 d&#8217;abril, la Policia Local i Protecci\u00f3 Civil repartiran mascaretes a l&#8217;estaci\u00f3 de Renfe, estaci\u00f3 d&#8217;autob\u00fas i parades del bus urb\u00e0 per a les persones que es desplacen al seu &hellip; <\/p>\n<p class=\"link-more\"><a href=\"https:\/\/alzira.es\/es\/repartiment-de-mascaretes-al-transport-public-2\/\" class=\"more-link\">Continuar leyendo<span class=\"screen-reader-text\"> \u00abRepartiment de mascaretes al transport p\u00fablic\u00bb<\/span><\/a><\/p>\n","protected":false},"author":36,"featured_media":0,"comment_status":"","ping_status":"","sticky":false,"template":"","format":"standard","meta":{"_acf_changed":false,"footnotes":""},"categories":[],"tags":[],"class_list":["post-48745","post","type-post","status-publish","format-standard","hentry"],"acf":[],"_links":{"self":[{"href":"https:\/\/alzira.es\/es\/wp-json\/wp\/v2\/posts\/48745","targetHints":{"allow":["GET"]}}],"collection":[{"href":"https:\/\/alzira.es\/es\/wp-json\/wp\/v2\/posts"}],"about":[{"href":"https:\/\/alzira.es\/es\/wp-json\/wp\/v2\/types\/post"}],"author":[{"embeddable":true,"href":"https:\/\/alzira.es\/es\/wp-json\/wp\/v2\/users\/36"}],"replies":[{"embeddable":true,"href":"https:\/\/alzira.es\/es\/wp-json\/wp\/v2\/comments?post=48745"}],"version-history":[{"count":0,"href":"https:\/\/alzira.es\/es\/wp-json\/wp\/v2\/posts\/48745\/revisions"}],"wp:attachment":[{"href":"https:\/\/alzira.es\/es\/wp-json\/wp\/v2\/media?parent=48745"}],"wp:term":[{"taxonomy":"category","embeddable":true,"href":"https:\/\/alzira.es\/es\/wp-json\/wp\/v2\/categories?post=48745"},{"taxonomy":"post_tag","embeddable":true,"href":"https:\/\/alzira.es\/es\/wp-json\/wp\/v2\/tags?post=48745"}],"curies":[{"name":"wp","href":"https:\/\/api.w.org\/{rel}","templated":true}]}}