{"id":48449,"date":"2020-04-08T20:24:20","date_gmt":"2020-04-08T18:24:20","guid":{"rendered":"https:\/\/alzira.es\/l-ajuntament-recorda-a-la-ciutadania-que-no-esta-permes-estar-als-espais-naturals-municipals\/"},"modified":"2020-04-08T20:24:20","modified_gmt":"2020-04-08T18:24:20","slug":"l-ajuntament-recorda-a-la-ciutadania-que-no-esta-permes-estar-als-espais-naturals-municipals","status":"publish","type":"post","link":"https:\/\/alzira.es\/es\/l-ajuntament-recorda-a-la-ciutadania-que-no-esta-permes-estar-als-espais-naturals-municipals\/","title":{"rendered":"El Ayuntamiento recuerda a la ciudadan\u00eda que no est\u00e1 permitido estar en los espacios Naturales Municipales"},"content":{"rendered":"<p style=\"text-align: justify;\">Coincidiendo con el inicio de la Semana Santa, El Ayuntamiento de Alzira recuerda a la ciudadan\u00eda que el actual Estado de Alarma no permite permanecer en los Espacios Naturales Municipales de la Murta y la Casella.<\/p>\n<p>El Ayuntamiento ruega responsabilidad en el cumplimiento de estas medidas excepcionales,<em> \u00abSomos conscientes del gran esfuerzo que est\u00e1 haciendo la ciudadan\u00eda y agradecemos la seriedad que demuestran d\u00eda a d\u00eda. La sociedad unida superar\u00e1 esta crisis sanitaria\u00bb<\/em> Asegura el regidor de medio ambiente,<strong> Pep Carreres<\/strong><\/p>\n<p>Durante este periodo de pascua se intensificar\u00e1n los controles de movilidad en las v\u00edas p\u00fablicas rurales al t\u00e9rmino de Alzira. Por otro lado, en cuanto a los recursos que prestan el servicio de vigilancia preventiva frente al riesgo de incendio forestal estar\u00e1n funcionando plenamente.<\/p>\n<p>Desde el pasado 15 de marzo, con el decreto del Estado de Alarma, la Conseller\u00eda de Agricultura, Desarrollo Rural, Emergencia Clim\u00e1tica y Transici\u00f3n Ecol\u00f3gica<br \/>inform\u00f3 de la prohibici\u00f3n de hacer quemas agr\u00edcolas as\u00ed como de llevar a cabo cualquier actividad l\u00fadica en el entorno rural o forestal.<\/p>\n<p>En cumplimiento del decreto y con el objetivo de reducir el riesgo de contagio, el Ayuntamiento de Alzira inform\u00f3 que los espacios naturales municipales estar\u00edan cerrados al p\u00fablico durante el estado de alarma, de forma que no est\u00e1n permitidas las visitas, reuniones u otras actividades deportivas. As\u00ed mismo desde ese momento han llevado a cabo controles para asegurar el cumplimiento de la norma.<\/p>\n<p style=\"text-align: center;\"><a class=\"jcepopup\" href=\"https:\/\/alzira.es\/wp-content\/uploads\/2020\/04\/espais_Naturals_Municipals_1.jpg\" target=\"_blank\" rel=\"noopener\"><img fetchpriority=\"high\" decoding=\"async\" class=\" size-full wp-image-48443\" src=\"https:\/\/alzira.es\/wp-content\/uploads\/2020\/04\/espais_Naturals_Municipals_1.jpg\" alt=\"espais Naturals Municipals 1\" width=\"500\" height=\"375\" srcset=\"https:\/\/alzira.es\/wp-content\/uploads\/2020\/04\/espais_Naturals_Municipals_1.jpg 1600w, https:\/\/alzira.es\/wp-content\/uploads\/2020\/04\/espais_Naturals_Municipals_1-680x510.jpg 680w, https:\/\/alzira.es\/wp-content\/uploads\/2020\/04\/espais_Naturals_Municipals_1-1430x1072.jpg 1430w, https:\/\/alzira.es\/wp-content\/uploads\/2020\/04\/espais_Naturals_Municipals_1-768x576.jpg 768w, https:\/\/alzira.es\/wp-content\/uploads\/2020\/04\/espais_Naturals_Municipals_1-1536x1152.jpg 1536w\" sizes=\"(max-width: 500px) 100vw, 500px\" \/><\/a>&nbsp;<a class=\"jcepopup\" style=\"font-size: 14.4px; text-align: center;\" type=\"image\" href=\"https:\/\/alzira.es\/wp-content\/uploads\/2020\/04\/espais_Naturals_Municipals_2.jpg\" target=\"_blank\" rel=\"noopener\"><img decoding=\"async\" class=\"size-full wp-image-48446 lazyload\" data-src=\"https:\/\/alzira.es\/wp-content\/uploads\/2020\/04\/espais_Naturals_Municipals_2.jpg\" alt=\"espais Naturals Municipals 2\" width=\"500\" height=\"375\" data-srcset=\"https:\/\/alzira.es\/wp-content\/uploads\/2020\/04\/espais_Naturals_Municipals_2.jpg 1600w, https:\/\/alzira.es\/wp-content\/uploads\/2020\/04\/espais_Naturals_Municipals_2-680x510.jpg 680w, https:\/\/alzira.es\/wp-content\/uploads\/2020\/04\/espais_Naturals_Municipals_2-1430x1072.jpg 1430w, https:\/\/alzira.es\/wp-content\/uploads\/2020\/04\/espais_Naturals_Municipals_2-768x576.jpg 768w, https:\/\/alzira.es\/wp-content\/uploads\/2020\/04\/espais_Naturals_Municipals_2-1536x1152.jpg 1536w\" data-sizes=\"(max-width: 500px) 100vw, 500px\" src=\"data:image\/svg+xml;base64,PHN2ZyB3aWR0aD0iMSIgaGVpZ2h0PSIxIiB4bWxucz0iaHR0cDovL3d3dy53My5vcmcvMjAwMC9zdmciPjwvc3ZnPg==\" style=\"--smush-placeholder-width: 500px; --smush-placeholder-aspect-ratio: 500\/375;\" \/><\/a><\/p>\n","protected":false},"excerpt":{"rendered":"<p>Coincidiendo con el inicio de la Semana Santa, El Ayuntamiento de Alzira recuerda a la ciudadan\u00eda que el actual Estado de Alarma no permite permanecer en los Espacios Naturales Municipales de la Murta y la Casella. El Ayuntamiento ruega responsabilidad en el cumplimiento de estas medidas excepcionales, \u00abSomos conscientes del gran esfuerzo que est\u00e1 haciendo &hellip; <\/p>\n<p class=\"link-more\"><a href=\"https:\/\/alzira.es\/es\/l-ajuntament-recorda-a-la-ciutadania-que-no-esta-permes-estar-als-espais-naturals-municipals\/\" class=\"more-link\">Continuar leyendo<span class=\"screen-reader-text\"> \u00abEl Ayuntamiento recuerda a la ciudadan\u00eda que no est\u00e1 permitido estar en los espacios Naturales Municipales\u00bb<\/span><\/a><\/p>\n","protected":false},"author":29,"featured_media":48443,"comment_status":"","ping_status":"","sticky":false,"template":"","format":"standard","meta":{"_acf_changed":false,"footnotes":""},"categories":[4936],"tags":[],"class_list":["post-48449","post","type-post","status-publish","format-standard","has-post-thumbnail","hentry","category-hemeroteca-es"],"acf":[],"_links":{"self":[{"href":"https:\/\/alzira.es\/es\/wp-json\/wp\/v2\/posts\/48449","targetHints":{"allow":["GET"]}}],"collection":[{"href":"https:\/\/alzira.es\/es\/wp-json\/wp\/v2\/posts"}],"about":[{"href":"https:\/\/alzira.es\/es\/wp-json\/wp\/v2\/types\/post"}],"author":[{"embeddable":true,"href":"https:\/\/alzira.es\/es\/wp-json\/wp\/v2\/users\/29"}],"replies":[{"embeddable":true,"href":"https:\/\/alzira.es\/es\/wp-json\/wp\/v2\/comments?post=48449"}],"version-history":[{"count":0,"href":"https:\/\/alzira.es\/es\/wp-json\/wp\/v2\/posts\/48449\/revisions"}],"wp:featuredmedia":[{"embeddable":true,"href":"https:\/\/alzira.es\/es\/wp-json\/wp\/v2\/media\/48443"}],"wp:attachment":[{"href":"https:\/\/alzira.es\/es\/wp-json\/wp\/v2\/media?parent=48449"}],"wp:term":[{"taxonomy":"category","embeddable":true,"href":"https:\/\/alzira.es\/es\/wp-json\/wp\/v2\/categories?post=48449"},{"taxonomy":"post_tag","embeddable":true,"href":"https:\/\/alzira.es\/es\/wp-json\/wp\/v2\/tags?post=48449"}],"curies":[{"name":"wp","href":"https:\/\/api.w.org\/{rel}","templated":true}]}}