{"id":48432,"date":"2020-04-08T11:43:37","date_gmt":"2020-04-08T09:43:37","guid":{"rendered":"https:\/\/alzira.es\/comencen-els-tractaments-contra-el-mosquit-tigre-a-alzira\/"},"modified":"2020-04-08T11:43:37","modified_gmt":"2020-04-08T09:43:37","slug":"comencen-els-tractaments-contra-el-mosquit-tigre-a-alzira","status":"publish","type":"post","link":"https:\/\/alzira.es\/es\/comencen-els-tractaments-contra-el-mosquit-tigre-a-alzira\/","title":{"rendered":"Empiezan los tratamientos contra el mosquito tigre en Alzira"},"content":{"rendered":"<h3 style=\"text-align: left;\"><em>\u2022 Los mosquitos NO pueden transmitir el COVID 19<\/em><\/h3>\n<p>Este mes han empezado los tratamientos contra el mosquito tigre en todos los municipios adheridos en el programa del Consorcio de la Ribera. La actuaci\u00f3n consiste en revisar todas las alcantarillas y zonas de acumulaci\u00f3n de agua, coger una muestra y en caso de encontrar larvas, aplicar el tratamiento correspondiente.<\/p>\n<p>En Alzira, como el a\u00f1o pasado, estar\u00e1n 4 d\u00edas cada mes, y empezar\u00e1n la pr\u00f3xima semana los d\u00edas 14, 15, 16 y 17 de abril. De momento, este a\u00f1o, no se ha detectado presencia de mosquito tigre, pero lo que se pretende evitar es que la situaci\u00f3n se descontrole, por eso est\u00e1 previsto alargar el tratamiento hasta finales de a\u00f1o, como en 2019.<\/p>\n<p><em>\u00abEmpezamos ahora una campa\u00f1a informativa que llevaremos hasta el verano; desde la Concejal\u00eda de Sanidad iremos dando consejos para evitar la proliferaci\u00f3n del mosquito a casa. Adem\u00e1s, como el a\u00f1o pasado, la ciudadan\u00eda nos puede enviar v\u00eda correo electr\u00f3nico o al buz\u00f3n ciudadano preguntas o avisos si detectan presencia de mosquitos, la informaci\u00f3n se traslada a la empresa Lok\u00edmica y ellos lo revisan\u00bb<\/em>, explica la regidora de Sanidad, <strong>Gemma Al\u00f3s<\/strong>.<\/p>\n<p><strong>Mosquito tigre y el COVID-19<\/strong><\/p>\n<p><span style=\"text-decoration: underline;\">Los mosquitos NO PUEDEN transmitir el COVID-19<\/span>.<\/p>\n<p><strong>La Organizaci\u00f3n Mundial de la Salud (OMS) ha manifestado al respeto:<\/strong><\/p>\n<p><em>\u00abEl nuevo coronavirus es un virus respiratorio que se propaga principalmente por contacto con una persona infectada a trav\u00e9s de las got\u00edculas respiratorias que se generan cuando esta persona tose o estornuda, por ejemplo, o a trav\u00e9s de got\u00edculas de saliva o secreciones de la nariz. Hasta hoy no hay informaci\u00f3n ni pruebas que indican que pueda transmitirse por medio de mosquitos.<\/em><br \/><em>Para protegerse, evite el contacto pr\u00f3ximo con cualquier persona que tenga fiebre y tos, y practique una buena higiene de las manos y de las v\u00edas respiratorias.\u00bb<\/em><\/p>\n<p style=\"text-align: center;\"><img fetchpriority=\"high\" decoding=\"async\" width=\"768\" height=\"1024\" class=\" size-full wp-image-48424\" src=\"https:\/\/alzira.es\/wp-content\/uploads\/2020\/04\/Alzira.jpeg\" alt=\"Alzira\" srcset=\"https:\/\/alzira.es\/wp-content\/uploads\/2020\/04\/Alzira.jpeg 768w, https:\/\/alzira.es\/wp-content\/uploads\/2020\/04\/Alzira-383x510.jpeg 383w\" sizes=\"(max-width: 706px) 89vw, (max-width: 767px) 82vw, 740px\" \/><\/p>\n<p style=\"text-align: center;\"><span style=\"text-align: justify;\">&nbsp;&#8211;&nbsp;<\/span><em style=\"text-align: justify;\"><strong><a href=\"https:\/\/alzira.es\/wp-content\/uploads\/2020\/04\/Programacion_Tigre_consorcio_Abril_.pdf\" target=\"_blank\" rel=\"noopener\"><img decoding=\"async\" width=\"18\" height=\"15\" class=\"size-full wp-image-47886 lazyload\" data-src=\"https:\/\/alzira.es\/wp-content\/uploads\/2020\/04\/pdf_rojo.gif\" alt=\"pdf rojo\" src=\"data:image\/svg+xml;base64,PHN2ZyB3aWR0aD0iMSIgaGVpZ2h0PSIxIiB4bWxucz0iaHR0cDovL3d3dy53My5vcmcvMjAwMC9zdmciPjwvc3ZnPg==\" style=\"--smush-placeholder-width: 18px; --smush-placeholder-aspect-ratio: 18\/15;\" \/>&nbsp;P<\/a>rogramaci\u00f3&nbsp;<\/strong><\/em><span style=\"text-align: justify;\">&#8211;<\/span><\/p>\n","protected":false},"excerpt":{"rendered":"<p>\u2022 Los mosquitos NO pueden transmitir el COVID 19 Este mes han empezado los tratamientos contra el mosquito tigre en todos los municipios adheridos en el programa del Consorcio de la Ribera. La actuaci\u00f3n consiste en revisar todas las alcantarillas y zonas de acumulaci\u00f3n de agua, coger una muestra y en caso de encontrar larvas, &hellip; <\/p>\n<p class=\"link-more\"><a href=\"https:\/\/alzira.es\/es\/comencen-els-tractaments-contra-el-mosquit-tigre-a-alzira\/\" class=\"more-link\">Continuar leyendo<span class=\"screen-reader-text\"> \u00abEmpiezan los tratamientos contra el mosquito tigre en Alzira\u00bb<\/span><\/a><\/p>\n","protected":false},"author":29,"featured_media":48424,"comment_status":"","ping_status":"","sticky":false,"template":"","format":"standard","meta":{"_acf_changed":false,"footnotes":""},"categories":[4936],"tags":[],"class_list":["post-48432","post","type-post","status-publish","format-standard","has-post-thumbnail","hentry","category-hemeroteca-es"],"acf":[],"_links":{"self":[{"href":"https:\/\/alzira.es\/es\/wp-json\/wp\/v2\/posts\/48432","targetHints":{"allow":["GET"]}}],"collection":[{"href":"https:\/\/alzira.es\/es\/wp-json\/wp\/v2\/posts"}],"about":[{"href":"https:\/\/alzira.es\/es\/wp-json\/wp\/v2\/types\/post"}],"author":[{"embeddable":true,"href":"https:\/\/alzira.es\/es\/wp-json\/wp\/v2\/users\/29"}],"replies":[{"embeddable":true,"href":"https:\/\/alzira.es\/es\/wp-json\/wp\/v2\/comments?post=48432"}],"version-history":[{"count":0,"href":"https:\/\/alzira.es\/es\/wp-json\/wp\/v2\/posts\/48432\/revisions"}],"wp:featuredmedia":[{"embeddable":true,"href":"https:\/\/alzira.es\/es\/wp-json\/wp\/v2\/media\/48424"}],"wp:attachment":[{"href":"https:\/\/alzira.es\/es\/wp-json\/wp\/v2\/media?parent=48432"}],"wp:term":[{"taxonomy":"category","embeddable":true,"href":"https:\/\/alzira.es\/es\/wp-json\/wp\/v2\/categories?post=48432"},{"taxonomy":"post_tag","embeddable":true,"href":"https:\/\/alzira.es\/es\/wp-json\/wp\/v2\/tags?post=48432"}],"curies":[{"name":"wp","href":"https:\/\/api.w.org\/{rel}","templated":true}]}}