{"id":48253,"date":"2019-03-05T13:13:03","date_gmt":"2019-03-05T12:13:03","guid":{"rendered":"https:\/\/alzira.es\/covid-19-6-2\/"},"modified":"2019-03-05T13:13:03","modified_gmt":"2019-03-05T12:13:03","slug":"covid-19-6-2","status":"publish","type":"post","link":"https:\/\/alzira.es\/es\/covid-19-6-2\/","title":{"rendered":"Enlla\u00e7os d&#8217;inter\u00e9s"},"content":{"rendered":"<p style=\"margin-bottom: 0.0001pt; line-height: 15pt; border: none; padding-top: 0cm; padding-right: 0cm; padding-bottom: 0cm; margin-left: 90px;\"><img decoding=\"async\" width=\"18\" height=\"15\" class=\"size-full wp-image-47004 lazyload\" data-src=\"https:\/\/alzira.es\/wp-content\/uploads\/2019\/03\/pdf_rojo.gif\" alt=\"pdf rojo\" src=\"data:image\/svg+xml;base64,PHN2ZyB3aWR0aD0iMSIgaGVpZ2h0PSIxIiB4bWxucz0iaHR0cDovL3d3dy53My5vcmcvMjAwMC9zdmciPjwvc3ZnPg==\" style=\"--smush-placeholder-width: 18px; --smush-placeholder-aspect-ratio: 18\/15;\" \/>&nbsp;<a href=\"https:\/\/www.lamoncloa.gob.es\/serviciosdeprensa\/notasprensa\/sanidad14\/Documents\/2020\/03052020_Desescalada.pdf\" target=\"_blank\" rel=\"noopener\">Pla per a la Transici\u00f3 cap a una Nova Normalitat. Preguntes i respostes<\/a> (PDF)<\/p>\n<p style=\"margin-bottom: 0.0001pt; line-height: 15pt; border: none; padding-top: 0cm; padding-right: 0cm; padding-bottom: 0cm; margin-left: 90px;\"><img decoding=\"async\" width=\"18\" height=\"15\" class=\"size-full wp-image-47004 lazyload\" data-src=\"https:\/\/alzira.es\/wp-content\/uploads\/2019\/03\/pdf_rojo.gif\" alt=\"pdf rojo\" src=\"data:image\/svg+xml;base64,PHN2ZyB3aWR0aD0iMSIgaGVpZ2h0PSIxIiB4bWxucz0iaHR0cDovL3d3dy53My5vcmcvMjAwMC9zdmciPjwvc3ZnPg==\" style=\"--smush-placeholder-width: 18px; --smush-placeholder-aspect-ratio: 18\/15;\" \/>&nbsp;<a href=\"https:\/\/www.lamoncloa.gob.es\/consejodeministros\/resumenes\/Documents\/2020\/PlanTransicionNuevaNormalidad.pdf\" target=\"_blank\" rel=\"noopener\">Pla per a la Transici\u00f3 cap a una Nova Normalitat<\/a> (PDF)<\/p>\n<p style=\"margin-bottom: 0.0001pt; line-height: 15pt; border: none; padding-top: 0cm; padding-right: 0cm; padding-bottom: 0cm; margin-left: 90px;\"><img decoding=\"async\" width=\"18\" height=\"18\" class=\"size-full wp-image-47139 lazyload\" data-src=\"https:\/\/alzira.es\/wp-content\/uploads\/2019\/03\/enlaces-internos.jpg\" alt=\"enlaces-internos\" src=\"data:image\/svg+xml;base64,PHN2ZyB3aWR0aD0iMSIgaGVpZ2h0PSIxIiB4bWxucz0iaHR0cDovL3d3dy53My5vcmcvMjAwMC9zdmciPjwvc3ZnPg==\" style=\"--smush-placeholder-width: 18px; --smush-placeholder-aspect-ratio: 18\/18;\" \/>&nbsp;<a href=\"http:\/\/infocoronavirus.gva.es\/\" target=\"_blank\" rel=\"noopener\">Informaci\u00f3 sobre el Coronavirus. Generalitat Valenciana<\/a><\/p>\n<p style=\"margin-bottom: 0.0001pt; line-height: 15pt; border: none; padding-top: 0cm; padding-right: 0cm; padding-bottom: 0cm; margin-left: 90px;\"><a href=\"http:\/\/www.san.gva.es\/web_estatica\/index_es.html\" target=\"_blank\" rel=\"noopener\"><img decoding=\"async\" width=\"18\" height=\"18\" class=\"size-full wp-image-47139 lazyload\" data-src=\"https:\/\/alzira.es\/wp-content\/uploads\/2019\/03\/enlaces-internos.jpg\" alt=\"enlaces-internos\" src=\"data:image\/svg+xml;base64,PHN2ZyB3aWR0aD0iMSIgaGVpZ2h0PSIxIiB4bWxucz0iaHR0cDovL3d3dy53My5vcmcvMjAwMC9zdmciPjwvc3ZnPg==\" style=\"--smush-placeholder-width: 18px; --smush-placeholder-aspect-ratio: 18\/18;\" \/>&nbsp;Conselleria de Sanidad Universal y Salud P\u00fablica<\/a>&nbsp;<\/p>\n<p style=\"margin-bottom: 0.0001pt; line-height: 15pt; border: none; padding-top: 0cm; padding-right: 0cm; padding-bottom: 0cm; margin-left: 90px;\"><img decoding=\"async\" width=\"18\" height=\"18\" class=\"size-full wp-image-47139 lazyload\" data-src=\"https:\/\/alzira.es\/wp-content\/uploads\/2019\/03\/enlaces-internos.jpg\" alt=\"enlaces-internos\" src=\"data:image\/svg+xml;base64,PHN2ZyB3aWR0aD0iMSIgaGVpZ2h0PSIxIiB4bWxucz0iaHR0cDovL3d3dy53My5vcmcvMjAwMC9zdmciPjwvc3ZnPg==\" style=\"--smush-placeholder-width: 18px; --smush-placeholder-aspect-ratio: 18\/18;\" \/>&nbsp;<a href=\"http:\/\/www.indi.gva.es\/es\" target=\"_blank\" rel=\"noopener\">Conselleria de Econom\u00eda Sostenible, Sectores Productivos, Comercio y Trabajo<\/a>&nbsp;<\/p>\n<p style=\"margin-bottom: 0.0001pt; line-height: 15pt; border: none; padding-top: 0cm; padding-right: 0cm; padding-bottom: 0cm; margin-left: 90px;\"><a style=\"font-size: 14.4px;\" href=\"http:\/\/www.san.gva.es\/web_estatica\/index_es.html\" target=\"_blank\" rel=\"noopener\"><img decoding=\"async\" width=\"18\" height=\"18\" class=\"size-full wp-image-47139 lazyload\" data-src=\"https:\/\/alzira.es\/wp-content\/uploads\/2019\/03\/enlaces-internos.jpg\" alt=\"enlaces-internos\" src=\"data:image\/svg+xml;base64,PHN2ZyB3aWR0aD0iMSIgaGVpZ2h0PSIxIiB4bWxucz0iaHR0cDovL3d3dy53My5vcmcvMjAwMC9zdmciPjwvc3ZnPg==\" style=\"--smush-placeholder-width: 18px; --smush-placeholder-aspect-ratio: 18\/18;\" \/><\/a>&nbsp;<a href=\"http:\/\/www.violenciagenero.igualdad.gob.es\/sensibilizacionConcienciacion\/campannas\/violenciaGobierno\/todoSaldraBien\/home.htm\" target=\"_blank\" rel=\"noopener\">Delegaci\u00f3n del Gobierno contra la Violencia de G\u00e9nero<\/a><\/p>\n<p style=\"margin-bottom: 0.0001pt; line-height: 15pt; border: none; padding-top: 0cm; padding-right: 0cm; padding-bottom: 0cm; margin-left: 90px;\"><a style=\"font-size: 14.4px;\" href=\"http:\/\/www.san.gva.es\/web_estatica\/index_es.html\" target=\"_blank\" rel=\"noopener\"><img decoding=\"async\" width=\"18\" height=\"18\" class=\"size-full wp-image-47139 lazyload\" data-src=\"https:\/\/alzira.es\/wp-content\/uploads\/2019\/03\/enlaces-internos.jpg\" alt=\"enlaces-internos\" src=\"data:image\/svg+xml;base64,PHN2ZyB3aWR0aD0iMSIgaGVpZ2h0PSIxIiB4bWxucz0iaHR0cDovL3d3dy53My5vcmcvMjAwMC9zdmciPjwvc3ZnPg==\" style=\"--smush-placeholder-width: 18px; --smush-placeholder-aspect-ratio: 18\/18;\" \/><\/a>&nbsp;<a href=\"https:\/\/www.mscbs.gob.es\/profesionales\/saludPublica\/ccayes\/alertasActual\/nCov-China\/home.htm\" target=\"_blank\" rel=\"noopener\">Informaci\u00f3n Nacional Coronavirus (COVID-19). Ministerio de Sanidad<\/a><\/p>\n<p style=\"margin-bottom: 0.0001pt; line-height: 15pt; border: none; padding-top: 0cm; padding-right: 0cm; padding-bottom: 0cm; margin-left: 90px;\"><img decoding=\"async\" width=\"18\" height=\"18\" class=\"size-full wp-image-47139 lazyload\" data-src=\"https:\/\/alzira.es\/wp-content\/uploads\/2019\/03\/enlaces-internos.jpg\" alt=\"enlaces-internos\" src=\"data:image\/svg+xml;base64,PHN2ZyB3aWR0aD0iMSIgaGVpZ2h0PSIxIiB4bWxucz0iaHR0cDovL3d3dy53My5vcmcvMjAwMC9zdmciPjwvc3ZnPg==\" style=\"--smush-placeholder-width: 18px; --smush-placeholder-aspect-ratio: 18\/18;\" \/>&nbsp;<a href=\"https:\/\/www.fvmp.es\/3d-flip-book\/infomunicipal-2\/\" target=\"_blank\" rel=\"noopener\">Federaci\u00f3n Valenciana de Municipios y Provincias &#8211; especial COVID-19<\/a>&nbsp;<\/p>\n<p style=\"margin-bottom: 0.0001pt; line-height: 15pt; border: none; padding-top: 0cm; padding-right: 0cm; padding-bottom: 0cm; margin-left: 90px;\"><img decoding=\"async\" width=\"18\" height=\"18\" class=\"size-full wp-image-47139 lazyload\" data-src=\"https:\/\/alzira.es\/wp-content\/uploads\/2019\/03\/enlaces-internos.jpg\" alt=\"enlaces-internos\" src=\"data:image\/svg+xml;base64,PHN2ZyB3aWR0aD0iMSIgaGVpZ2h0PSIxIiB4bWxucz0iaHR0cDovL3d3dy53My5vcmcvMjAwMC9zdmciPjwvc3ZnPg==\" style=\"--smush-placeholder-width: 18px; --smush-placeholder-aspect-ratio: 18\/18;\" \/>&nbsp;<a href=\"https:\/\/www.gva.es\/va\/inicio\/area_de_prensa\/not_detalle_area_prensa?id=853381\" target=\"_blank\" rel=\"noopener\">Aplicaci\u00f3 per a m\u00f2bils &#8216;Generalitat Responde&#8217; per a resoldre els dubtes no sanitaris sobre la crisi del coronavirus<\/a><\/p>\n<p style=\"margin-bottom: 0.0001pt; line-height: 15pt; border: none; padding: 0cm;\"><strong><span style=\"font-size: 14pt; font-family: Garamond, serif;\">&nbsp;<\/span><\/strong><\/p>\n<p style=\"margin-bottom: 0.0001pt; line-height: 15pt; text-align: center;\">&nbsp;<\/p>\n","protected":false},"excerpt":{"rendered":"<p>&nbsp;Pla per a la Transici\u00f3 cap a una Nova Normalitat. Preguntes i respostes (PDF) &nbsp;Pla per a la Transici\u00f3 cap a una Nova Normalitat (PDF) &nbsp;Informaci\u00f3 sobre el Coronavirus. Generalitat Valenciana &nbsp;Conselleria de Sanidad Universal y Salud P\u00fablica&nbsp; &nbsp;Conselleria de Econom\u00eda Sostenible, Sectores Productivos, Comercio y Trabajo&nbsp; &nbsp;Delegaci\u00f3n del Gobierno contra la Violencia de G\u00e9nero &hellip; <\/p>\n<p class=\"link-more\"><a href=\"https:\/\/alzira.es\/es\/covid-19-6-2\/\" class=\"more-link\">Continuar leyendo<span class=\"screen-reader-text\"> \u00abEnlla\u00e7os d&#8217;inter\u00e9s\u00bb<\/span><\/a><\/p>\n","protected":false},"author":29,"featured_media":47004,"comment_status":"","ping_status":"","sticky":false,"template":"","format":"standard","meta":{"_acf_changed":false,"footnotes":""},"categories":[],"tags":[],"class_list":["post-48253","post","type-post","status-publish","format-standard","has-post-thumbnail","hentry"],"acf":[],"_links":{"self":[{"href":"https:\/\/alzira.es\/es\/wp-json\/wp\/v2\/posts\/48253","targetHints":{"allow":["GET"]}}],"collection":[{"href":"https:\/\/alzira.es\/es\/wp-json\/wp\/v2\/posts"}],"about":[{"href":"https:\/\/alzira.es\/es\/wp-json\/wp\/v2\/types\/post"}],"author":[{"embeddable":true,"href":"https:\/\/alzira.es\/es\/wp-json\/wp\/v2\/users\/29"}],"replies":[{"embeddable":true,"href":"https:\/\/alzira.es\/es\/wp-json\/wp\/v2\/comments?post=48253"}],"version-history":[{"count":0,"href":"https:\/\/alzira.es\/es\/wp-json\/wp\/v2\/posts\/48253\/revisions"}],"wp:featuredmedia":[{"embeddable":true,"href":"https:\/\/alzira.es\/es\/wp-json\/wp\/v2\/media\/47004"}],"wp:attachment":[{"href":"https:\/\/alzira.es\/es\/wp-json\/wp\/v2\/media?parent=48253"}],"wp:term":[{"taxonomy":"category","embeddable":true,"href":"https:\/\/alzira.es\/es\/wp-json\/wp\/v2\/categories?post=48253"},{"taxonomy":"post_tag","embeddable":true,"href":"https:\/\/alzira.es\/es\/wp-json\/wp\/v2\/tags?post=48253"}],"curies":[{"name":"wp","href":"https:\/\/api.w.org\/{rel}","templated":true}]}}