{"id":47783,"date":"2020-05-19T12:37:00","date_gmt":"2020-05-19T10:37:00","guid":{"rendered":"https:\/\/alzira.es\/ajornament-de-pagaments\/"},"modified":"2020-05-19T12:37:00","modified_gmt":"2020-05-19T10:37:00","slug":"ajornament-de-pagaments","status":"publish","type":"post","link":"https:\/\/alzira.es\/es\/ajornament-de-pagaments\/","title":{"rendered":"AJORNAMENT DE PAGAMENTS"},"content":{"rendered":"<p style=\"text-align: justify;\">A causa de la situaci\u00f3 d&#8217;emerg\u00e8ncia de salut p\u00fablica ocasionada per la COVID-19 es modifiquen els terminis de pagament de determinats impostos i taxes.<\/p>\n<p style=\"text-align: center;\"><img fetchpriority=\"high\" decoding=\"async\" width=\"1000\" height=\"1000\" class=\" size-full wp-image-47781\" src=\"https:\/\/alzira.es\/wp-content\/uploads\/2020\/05\/aplazamiento_de_pagos_ultimo_val.jpg\" alt=\"aplazamiento de pagos ultimo val\" srcset=\"https:\/\/alzira.es\/wp-content\/uploads\/2020\/05\/aplazamiento_de_pagos_ultimo_val.jpg 1000w, https:\/\/alzira.es\/wp-content\/uploads\/2020\/05\/aplazamiento_de_pagos_ultimo_val-510x510.jpg 510w, https:\/\/alzira.es\/wp-content\/uploads\/2020\/05\/aplazamiento_de_pagos_ultimo_val-350x350.jpg 350w, https:\/\/alzira.es\/wp-content\/uploads\/2020\/05\/aplazamiento_de_pagos_ultimo_val-768x768.jpg 768w, https:\/\/alzira.es\/wp-content\/uploads\/2020\/05\/aplazamiento_de_pagos_ultimo_val-100x100.jpg 100w\" sizes=\"(max-width: 706px) 89vw, (max-width: 767px) 82vw, 740px\" \/><\/p>\n","protected":false},"excerpt":{"rendered":"<p>A causa de la situaci\u00f3 d&#8217;emerg\u00e8ncia de salut p\u00fablica ocasionada per la COVID-19 es modifiquen els terminis de pagament de determinats impostos i taxes.<\/p>\n","protected":false},"author":29,"featured_media":47781,"comment_status":"","ping_status":"","sticky":false,"template":"","format":"standard","meta":{"_acf_changed":false,"footnotes":""},"categories":[],"tags":[],"class_list":["post-47783","post","type-post","status-publish","format-standard","has-post-thumbnail","hentry"],"acf":[],"_links":{"self":[{"href":"https:\/\/alzira.es\/es\/wp-json\/wp\/v2\/posts\/47783","targetHints":{"allow":["GET"]}}],"collection":[{"href":"https:\/\/alzira.es\/es\/wp-json\/wp\/v2\/posts"}],"about":[{"href":"https:\/\/alzira.es\/es\/wp-json\/wp\/v2\/types\/post"}],"author":[{"embeddable":true,"href":"https:\/\/alzira.es\/es\/wp-json\/wp\/v2\/users\/29"}],"replies":[{"embeddable":true,"href":"https:\/\/alzira.es\/es\/wp-json\/wp\/v2\/comments?post=47783"}],"version-history":[{"count":0,"href":"https:\/\/alzira.es\/es\/wp-json\/wp\/v2\/posts\/47783\/revisions"}],"wp:featuredmedia":[{"embeddable":true,"href":"https:\/\/alzira.es\/es\/wp-json\/wp\/v2\/media\/47781"}],"wp:attachment":[{"href":"https:\/\/alzira.es\/es\/wp-json\/wp\/v2\/media?parent=47783"}],"wp:term":[{"taxonomy":"category","embeddable":true,"href":"https:\/\/alzira.es\/es\/wp-json\/wp\/v2\/categories?post=47783"},{"taxonomy":"post_tag","embeddable":true,"href":"https:\/\/alzira.es\/es\/wp-json\/wp\/v2\/tags?post=47783"}],"curies":[{"name":"wp","href":"https:\/\/api.w.org\/{rel}","templated":true}]}}