{"id":43057,"date":"2019-08-29T10:08:53","date_gmt":"2019-08-29T08:08:53","guid":{"rendered":"https:\/\/alzira.es\/l-ajuntament-d-alzira-oferix-alternatives-davant-del-tancament-del-fontana-mogort\/"},"modified":"2019-08-29T10:08:53","modified_gmt":"2019-08-29T08:08:53","slug":"l-ajuntament-d-alzira-oferix-alternatives-davant-del-tancament-del-fontana-mogort","status":"publish","type":"post","link":"https:\/\/alzira.es\/es\/l-ajuntament-d-alzira-oferix-alternatives-davant-del-tancament-del-fontana-mogort\/","title":{"rendered":"L\u2019ajuntament d\u2019Alzira oferix alternatives davant del tancament del Fontana Mogort"},"content":{"rendered":"<p style=\"text-align: center;\"><img fetchpriority=\"high\" decoding=\"async\" src=\"contenidos\/fontana2.png\" alt=\"fontana2\" width=\"400\" height=\"282\" \/><\/p>\n<p style=\"text-align: justify;\">&nbsp;<\/p>\n<p style=\"text-align: justify;\">Les pistes del pavell\u00f3 municipal Fontana Mogort no es podran utilitzar durant la temporada 2019-2020 degut a la situaci\u00f3 en la que es troba la coberta d&#8217;ambdues. Aix\u00ed ho han decidit els t\u00e8cnics municipals de l&#8217;Ajuntament d&#8217;Alzira despr\u00e9s de l&#8217;informe realitzat sobre l&#8217;estat i la situaci\u00f3 actual de les instal\u00b7lacions.<\/p>\n<p style=\"text-align: justify;\">L&#8217;alcalde d&#8217;Alzira, Diego G\u00f3mez, el regidor d&#8217;Esports, Fernando Pascual i els t\u00e8cnics municipals s&#8217;han reunit amb els clubs implicats pel tancament d&#8217;esta infraestructura esportiva. A la reuni\u00f3 s&#8217;ha informat de l&#8217;alternativa de derivar els entrenaments d&#8217;estos clubs a altres instal\u00b7lacions esportives, aix\u00ed com als CEIP de l&#8217;Alborx\u00ed i Llu\u00eds Vives i X\u00faquer Centre Educatiu.<\/p>\n<p style=\"text-align: justify;\">El Fontana Mogort t\u00e9 una temporada esportiva ordin\u00e0ria d&#8217;utilitzaci\u00f3 de 5.180 hores, sense comptar amb els campus i cl\u00ednics que se solen realitzar en \u00e8poca estival i en per\u00edodes de vacances de Nadal i Pasqua. El tancament provisional del pavell\u00f3 afectar\u00e0 directament a 10 equips del Club Alzira Futbol Sala, 8 equips del Club Nou Basquet i 6 equips de L&#8217;ACD Ribera Alta Club Balonmano. Tamb\u00e9 es vora&#8217;n afectats l&#8217;AEPA, el CEPAIM, ADISPAC, AFARADEM i el col\u00b7legi Sants Patrons i de manera indirecta 3 equips del Club Alzira Futbol Sala, 4 equips del Nou Basquet, 11 equips del Club Nou V\u00f2lei Alzira, dos grans grups del Club de gimn\u00e0stica r\u00edtmica Ribera Alta Alzira i el CEAM.<\/p>\n<p style=\"text-align: justify;\">El regidor d&#8217;Esports, Fernando Pascual, ha manifestat que \u00abs&#8217;est\u00e0 treballant per intentar que tots els clubs implicats puguen realitzar la seua pr\u00e0ctica esportiva de la millor manera possible\u00bb. Aix\u00ed mateix ha volgut donar les gr\u00e0cies \u00aba la direcci\u00f3 i als claustres dels col\u00b7legis p\u00fablics de l&#8217;Alborx\u00ed i Llu\u00eds Vives i al X\u00faquer Centre Educatiu, per cedir les seues instal\u00b7lacions educatives a favor de la pr\u00e0ctica de l&#8217;esport alzireny\u00bb.<\/p>\n<p style=\"text-align: justify;\">L&#8217;ajuntament d&#8217;Alzira, encap\u00e7alat per l&#8217;alcalde, Diego G\u00f3mez, ha estat reunint-se peri\u00f2dicament amb el clubs implicats per informar del problema amb el pavell\u00f3 i buscar alternatives per donar servei als usuaris de les instal\u00b7lacions. L&#8217;alcalde d&#8217;Alzira ha informat que \u00abs&#8217;est\u00e0 buscant resoldre els problemes dins del mes de setembre per poder donar soluci\u00f3 al calendari de competicions esportives. Estem buscant alternatives amb altres ajuntaments ve\u00efns per fer convenis per a l&#8217;\u00fas de les seues instal\u00b7lacions esportives cobertes\u00bb.<\/p>\n<p style=\"text-align: justify;\">&nbsp;<\/p>\n<p><img decoding=\"async\" style=\"--smush-placeholder-width: 400px; --smush-placeholder-aspect-ratio: 400\/294;margin-right: auto; margin-left: auto; display: block;\" data-src=\"contenidos\/fontana.png\" alt=\"fontana\" width=\"400\" height=\"294\" src=\"data:image\/svg+xml;base64,PHN2ZyB3aWR0aD0iMSIgaGVpZ2h0PSIxIiB4bWxucz0iaHR0cDovL3d3dy53My5vcmcvMjAwMC9zdmciPjwvc3ZnPg==\" class=\"lazyload\" \/><\/p>\n","protected":false},"excerpt":{"rendered":"<p>&nbsp; Les pistes del pavell\u00f3 municipal Fontana Mogort no es podran utilitzar durant la temporada 2019-2020 degut a la situaci\u00f3 en la que es troba la coberta d&#8217;ambdues. Aix\u00ed ho han decidit els t\u00e8cnics municipals de l&#8217;Ajuntament d&#8217;Alzira despr\u00e9s de l&#8217;informe realitzat sobre l&#8217;estat i la situaci\u00f3 actual de les instal\u00b7lacions. L&#8217;alcalde d&#8217;Alzira, Diego G\u00f3mez, &hellip; <\/p>\n<p class=\"link-more\"><a href=\"https:\/\/alzira.es\/es\/l-ajuntament-d-alzira-oferix-alternatives-davant-del-tancament-del-fontana-mogort\/\" class=\"more-link\">Continuar leyendo<span class=\"screen-reader-text\"> \u00abL\u2019ajuntament d\u2019Alzira oferix alternatives davant del tancament del Fontana Mogort\u00bb<\/span><\/a><\/p>\n","protected":false},"author":12,"featured_media":0,"comment_status":"closed","ping_status":"closed","sticky":false,"template":"","format":"standard","meta":{"_acf_changed":false,"footnotes":""},"categories":[],"tags":[],"class_list":["post-43057","post","type-post","status-publish","format-standard","hentry"],"acf":[],"_links":{"self":[{"href":"https:\/\/alzira.es\/es\/wp-json\/wp\/v2\/posts\/43057","targetHints":{"allow":["GET"]}}],"collection":[{"href":"https:\/\/alzira.es\/es\/wp-json\/wp\/v2\/posts"}],"about":[{"href":"https:\/\/alzira.es\/es\/wp-json\/wp\/v2\/types\/post"}],"author":[{"embeddable":true,"href":"https:\/\/alzira.es\/es\/wp-json\/wp\/v2\/users\/12"}],"replies":[{"embeddable":true,"href":"https:\/\/alzira.es\/es\/wp-json\/wp\/v2\/comments?post=43057"}],"version-history":[{"count":0,"href":"https:\/\/alzira.es\/es\/wp-json\/wp\/v2\/posts\/43057\/revisions"}],"wp:attachment":[{"href":"https:\/\/alzira.es\/es\/wp-json\/wp\/v2\/media?parent=43057"}],"wp:term":[{"taxonomy":"category","embeddable":true,"href":"https:\/\/alzira.es\/es\/wp-json\/wp\/v2\/categories?post=43057"},{"taxonomy":"post_tag","embeddable":true,"href":"https:\/\/alzira.es\/es\/wp-json\/wp\/v2\/tags?post=43057"}],"curies":[{"name":"wp","href":"https:\/\/api.w.org\/{rel}","templated":true}]}}