{"id":43055,"date":"2019-08-29T10:08:53","date_gmt":"2019-08-29T08:08:53","guid":{"rendered":"https:\/\/alzira.es\/el-ayuntamiento-de-alzira-ofrece-alternativas-ante-el-cierre-del-fontana-mogort\/"},"modified":"2021-04-19T16:34:01","modified_gmt":"2021-04-19T14:34:01","slug":"el-ayuntamiento-de-alzira-ofrece-alternativas-ante-el-cierre-del-fontana-mogort","status":"publish","type":"post","link":"https:\/\/alzira.es\/es\/el-ayuntamiento-de-alzira-ofrece-alternativas-ante-el-cierre-del-fontana-mogort\/","title":{"rendered":"El ayuntamiento de Alzira ofrece alternativas ante el cierre del Fontana Mogort"},"content":{"rendered":"<p style=\"text-align: justify;\">&nbsp;<\/p>\n<p><img fetchpriority=\"high\" decoding=\"async\" style=\"width: 379px; height: 282px; margin-right: auto; margin-left: auto; display: block;\" src=\"contenidos\/fontana.png\" alt=\"fontana\" width=\"400\" height=\"294\" \/><\/p>\n<p style=\"text-align: justify;\">Las pistas del pabell\u00f3n municipal Fontana Mogort no se podr\u00e1n utilizar durante la temporada 2019-2020 debido a la situaci\u00f3n en la que se encuentra la cubierta de ambas. As\u00ed lo han&nbsp;decicido los t\u00e9cnicos municipales del ayuntamiento de Alzira despu\u00e9s del informe realizado sobre&nbsp;el estado&nbsp;y la situaci\u00f3n actual de las instalaciones.<\/p>\n<p style=\"text-align: justify;\">El alcalde de Alzira, Diego G\u00f3mez, el concejal de Deportes, Fernando Pascual y los t\u00e9cnicos municipales se han reunido con los clubs implicados por el cierre de esta infraestructura deportiva.&nbsp;En la reuni\u00f3n se ha informado de la alternativa de derivar los entrenamientos de estos clubs a otros instalaciones deportivas, as\u00ed como a los CEIP del&nbsp;Alborx\u00ed y Lluis Vives y&nbsp;X\u00faquer Centre Educatiu.<\/p>\n<p style=\"text-align: justify;\">El Fontana Mogort tiene una temporada deportiva ordinaria de utilizaci\u00f3n de 5.180 horas, sin contar con los campus y cl\u00ednicos que se suelen realizar en \u00e9poca estival y en per\u00edodos de vacaciones de Navidad y Pascua. El cierre provisional del pabell\u00f3n afectar\u00e1 directamente a 10 equipos del Club Alzira F\u00fatbol Sala, 8 equipos del&nbsp;<span style=\"font-family: sans-serif; text-align: justify;\">Club Nou Basquet<\/span> y 6 equipos de el ACD Ribera Alta Club Balonmano. Tambi\u00e9n se veran afectados la AEPA, el CEPAIM, ADISPAC, AFARADEM y el colegio Sants Patrons y de manera indirecta 3 equipos del Club Alzira F\u00fatbol Sala, 4 equipos del <span style=\"font-family: sans-serif; text-align: justify;\">Club Nou Basquet<\/span>, 11 equipos del&nbsp;<span style=\"font-family: sans-serif; text-align: justify;\">Club Nou V\u00f2lei Alzira<\/span>, dos grandes grupos del Club de gimnasia r\u00edtmica Ribera Alta Alzira y el CEAM.<\/p>\n<p style=\"text-align: justify;\">El concejal de Deportes, Fernando Pascual, ha manifestado que \u00bbse est\u00e1 trabajando de la mejor manera posible\u00bb. Asimismo ha querido dar las gracias \u00bba la direcci\u00f3n y a los claustros de los colegios p\u00fablicos de El Alborx\u00ed y Lluis Vives y al X\u00faquer Centre Educatiu, por ceder sus instalaciones educativas a favor de la pr\u00e1ctica del deporte alzire\u00f1o\u00bb.<\/p>\n<p style=\"text-align: justify;\">El ayuntamiento de Alzira, encabezado por el alcalde, Diego G\u00f3mez, ha estado reuni\u00e9ndose peri\u00f3dicamente con los clubs implicados para informar del problema con el pabell\u00f3n y buscar alternativas para dar servicio a los usuarios de las instalacions. El alcalde de Alzira ha informado que se est\u00e1 buscando resolver los problemas dentro del mes de septiembre para poder dar soluci\u00f3n al calendario de competiciones deportivas. Estamos buscando alternativas con otros ayuntamientos vecinos por hacer convenios para el uso de sus instalacions deportivas cubiertas.<\/p>\n<p><span style=\"color: #990033;\"><strong>&nbsp;<\/strong><img decoding=\"async\" style=\"--smush-placeholder-width: 400px; --smush-placeholder-aspect-ratio: 400\/282;margin-right: auto; margin-left: auto; display: block;\" data-src=\"contenidos\/fontana2.png\" alt=\"fontana2\" width=\"400\" height=\"282\" src=\"data:image\/svg+xml;base64,PHN2ZyB3aWR0aD0iMSIgaGVpZ2h0PSIxIiB4bWxucz0iaHR0cDovL3d3dy53My5vcmcvMjAwMC9zdmciPjwvc3ZnPg==\" class=\"lazyload\" \/><\/span><\/p>\n","protected":false},"excerpt":{"rendered":"<p>&nbsp; Las pistas del pabell\u00f3n municipal Fontana Mogort no se podr\u00e1n utilizar durante la temporada 2019-2020 debido a la situaci\u00f3n en la que se encuentra la cubierta de ambas. As\u00ed lo han&nbsp;decicido los t\u00e9cnicos municipales del ayuntamiento de Alzira despu\u00e9s del informe realizado sobre&nbsp;el estado&nbsp;y la situaci\u00f3n actual de las instalaciones. El alcalde de Alzira, &hellip; <\/p>\n<p class=\"link-more\"><a href=\"https:\/\/alzira.es\/es\/el-ayuntamiento-de-alzira-ofrece-alternativas-ante-el-cierre-del-fontana-mogort\/\" class=\"more-link\">Continuar leyendo<span class=\"screen-reader-text\"> \u00abEl ayuntamiento de Alzira ofrece alternativas ante el cierre del Fontana Mogort\u00bb<\/span><\/a><\/p>\n","protected":false},"author":12,"featured_media":0,"comment_status":"closed","ping_status":"","sticky":false,"template":"","format":"standard","meta":{"_acf_changed":false,"footnotes":""},"categories":[4936],"tags":[],"class_list":["post-43055","post","type-post","status-publish","format-standard","hentry","category-hemeroteca-es"],"acf":[],"_links":{"self":[{"href":"https:\/\/alzira.es\/es\/wp-json\/wp\/v2\/posts\/43055","targetHints":{"allow":["GET"]}}],"collection":[{"href":"https:\/\/alzira.es\/es\/wp-json\/wp\/v2\/posts"}],"about":[{"href":"https:\/\/alzira.es\/es\/wp-json\/wp\/v2\/types\/post"}],"author":[{"embeddable":true,"href":"https:\/\/alzira.es\/es\/wp-json\/wp\/v2\/users\/12"}],"replies":[{"embeddable":true,"href":"https:\/\/alzira.es\/es\/wp-json\/wp\/v2\/comments?post=43055"}],"version-history":[{"count":0,"href":"https:\/\/alzira.es\/es\/wp-json\/wp\/v2\/posts\/43055\/revisions"}],"wp:attachment":[{"href":"https:\/\/alzira.es\/es\/wp-json\/wp\/v2\/media?parent=43055"}],"wp:term":[{"taxonomy":"category","embeddable":true,"href":"https:\/\/alzira.es\/es\/wp-json\/wp\/v2\/categories?post=43055"},{"taxonomy":"post_tag","embeddable":true,"href":"https:\/\/alzira.es\/es\/wp-json\/wp\/v2\/tags?post=43055"}],"curies":[{"name":"wp","href":"https:\/\/api.w.org\/{rel}","templated":true}]}}