{"id":43037,"date":"2019-08-22T09:54:43","date_gmt":"2019-08-22T07:54:43","guid":{"rendered":"https:\/\/alzira.es\/volta-ciclista-a-espanya-passa-per-alzira-el-proxim-dimarts-27-d-agost\/"},"modified":"2019-08-22T09:54:43","modified_gmt":"2019-08-22T07:54:43","slug":"volta-ciclista-a-espanya-passa-per-alzira-el-proxim-dimarts-27-d-agost","status":"publish","type":"post","link":"https:\/\/alzira.es\/es\/volta-ciclista-a-espanya-passa-per-alzira-el-proxim-dimarts-27-d-agost\/","title":{"rendered":"Volta ciclista a Espanya passa per Alzira el pr\u00f2xim dimarts 27 d&#8217;agost"},"content":{"rendered":"<p style=\"text-align: center;\"><img decoding=\"async\" style=\"margin-right: auto; margin-left: auto; display: block;\" data-src=\"contenidos\/LA_VUELTA_ALZIRA_Mesa_de_trabajo_1_Mesa_de_trabajo_1_1.jpg\" alt=\"LA VUELTA ALZIRA Mesa de trabajo 1 Mesa de trabajo 1 1\" src=\"data:image\/svg+xml;base64,PHN2ZyB3aWR0aD0iMSIgaGVpZ2h0PSIxIiB4bWxucz0iaHR0cDovL3d3dy53My5vcmcvMjAwMC9zdmciPjwvc3ZnPg==\" class=\"lazyload\" \/>&nbsp;<\/p>\n<p style=\"text-align: justify;\">Alzira, 22 d&#8217;agost de 2019.- El pr\u00f2xim dimarts 27 d&#8217;agost, amb motiu de la celebraci\u00f3 de la 4a etapa de la volta ciclista a Espanya, est\u00e0 previst el pas per la ciutat d&#8217;Alzira entre les 12.25 i les 14.00h.<\/p>\n<p style=\"text-align: justify;\">Per tal motiu i d&#8217;acord amb les directrius rebudes d&#8217;una banda de l&#8217;organitzaci\u00f3 de l&#8217;esdeveniment i pel que fa a la seguretat, les de l&#8217;Agrupaci\u00f3 de Tr\u00e0nsit de la Gu\u00e0rdia Civil, les vies adjacents al recorregut de la carrera al seu pas per la nostra ciutat quedaran tallades entre les 12.15 i les 14.30 h.<\/p>\n<p style=\"text-align: justify;\">Estos talls de vies afectar\u00e0 especialment les rotondes seg\u00fcents:<\/p>\n<p style=\"text-align: justify;\">Del hospital (CV. 510)<\/p>\n<p style=\"text-align: justify;\">La del Lidl (Carretera de Albalat)<\/p>\n<p style=\"text-align: justify;\">La de Les Fulles (Carrefour)<\/p>\n<p style=\"text-align: justify;\">La del Mercado de Abastos<\/p>\n<p style=\"text-align: justify;\">Per tal motiu l&#8217;acc\u00e9s a la ciutat des dels pol\u00edgons de la ctra. D&#8217;Albalat i Tisneres quedar\u00e0 tallat entre les hores assenyalades.<\/p>\n<p style=\"text-align: justify;\">Amb relaci\u00f3 a l&#8217;acc\u00e9s a l&#8217;hospital de la Ribera, en este horari es podr\u00e0 accedir a ell sense inconvenient, si b\u00e9 la tornada a la ciutat podr\u00e0 fer-se pel cam\u00ed de la gossera a excepci\u00f3 dels vehicles de grans dimensions.<\/p>\n<p style=\"text-align: justify;\">Tamb\u00e9 estaran tallats els accessos a la carretera de Corbera (CV 510) en l&#8217;encreuament amb la CV 506 conegut com el del Forn de Carrascosa, aix\u00ed com el de l&#8217;eixida de la Portella de Severino.<\/p>\n","protected":false},"excerpt":{"rendered":"<p>&nbsp; Alzira, 22 d&#8217;agost de 2019.- El pr\u00f2xim dimarts 27 d&#8217;agost, amb motiu de la celebraci\u00f3 de la 4a etapa de la volta ciclista a Espanya, est\u00e0 previst el pas per la ciutat d&#8217;Alzira entre les 12.25 i les 14.00h. Per tal motiu i d&#8217;acord amb les directrius rebudes d&#8217;una banda de l&#8217;organitzaci\u00f3 de l&#8217;esdeveniment &hellip; <\/p>\n<p class=\"link-more\"><a href=\"https:\/\/alzira.es\/es\/volta-ciclista-a-espanya-passa-per-alzira-el-proxim-dimarts-27-d-agost\/\" class=\"more-link\">Continuar leyendo<span class=\"screen-reader-text\"> \u00abVolta ciclista a Espanya passa per Alzira el pr\u00f2xim dimarts 27 d&#8217;agost\u00bb<\/span><\/a><\/p>\n","protected":false},"author":12,"featured_media":0,"comment_status":"closed","ping_status":"closed","sticky":false,"template":"","format":"standard","meta":{"_acf_changed":false,"footnotes":""},"categories":[],"tags":[],"class_list":["post-43037","post","type-post","status-publish","format-standard","hentry"],"acf":[],"_links":{"self":[{"href":"https:\/\/alzira.es\/es\/wp-json\/wp\/v2\/posts\/43037","targetHints":{"allow":["GET"]}}],"collection":[{"href":"https:\/\/alzira.es\/es\/wp-json\/wp\/v2\/posts"}],"about":[{"href":"https:\/\/alzira.es\/es\/wp-json\/wp\/v2\/types\/post"}],"author":[{"embeddable":true,"href":"https:\/\/alzira.es\/es\/wp-json\/wp\/v2\/users\/12"}],"replies":[{"embeddable":true,"href":"https:\/\/alzira.es\/es\/wp-json\/wp\/v2\/comments?post=43037"}],"version-history":[{"count":0,"href":"https:\/\/alzira.es\/es\/wp-json\/wp\/v2\/posts\/43037\/revisions"}],"wp:attachment":[{"href":"https:\/\/alzira.es\/es\/wp-json\/wp\/v2\/media?parent=43037"}],"wp:term":[{"taxonomy":"category","embeddable":true,"href":"https:\/\/alzira.es\/es\/wp-json\/wp\/v2\/categories?post=43037"},{"taxonomy":"post_tag","embeddable":true,"href":"https:\/\/alzira.es\/es\/wp-json\/wp\/v2\/tags?post=43037"}],"curies":[{"name":"wp","href":"https:\/\/api.w.org\/{rel}","templated":true}]}}