{"id":43036,"date":"2019-08-22T09:54:43","date_gmt":"2019-08-22T07:54:43","guid":{"rendered":"https:\/\/alzira.es\/vuelta-ciclista-a-espana-pasa-por-alzira-el-proximo-martes-27-de-agosto\/"},"modified":"2021-04-19T16:34:26","modified_gmt":"2021-04-19T14:34:26","slug":"vuelta-ciclista-a-espana-pasa-por-alzira-el-proximo-martes-27-de-agosto","status":"publish","type":"post","link":"https:\/\/alzira.es\/es\/vuelta-ciclista-a-espana-pasa-por-alzira-el-proximo-martes-27-de-agosto\/","title":{"rendered":"Vuelta ciclista a Espa\u00f1a pasa por Alzira el pr\u00f3ximo martes 27 de agosto"},"content":{"rendered":"<p><img decoding=\"async\" style=\"margin-right: auto; margin-left: auto; display: block;\" data-src=\"contenidos\/LA_VUELTA_ALZIRA_Mesa_de_trabajo_1_Mesa_de_trabajo_1_1.jpg\" alt=\"LA VUELTA ALZIRA Mesa de trabajo 1 Mesa de trabajo 1 1\" src=\"data:image\/svg+xml;base64,PHN2ZyB3aWR0aD0iMSIgaGVpZ2h0PSIxIiB4bWxucz0iaHR0cDovL3d3dy53My5vcmcvMjAwMC9zdmciPjwvc3ZnPg==\" class=\"lazyload\" \/><\/p>\n<p style=\"text-align: justify;\">Alzira, 22 de agosto de 2019.- El pr\u00f3ximo martes 27 de agosto, con motivo de la celebraci\u00f3n de la 4a etapa de la vuelta ciclista a Espa\u00f1a, est\u00e1 previsto el paso por la ciudad de Alzira entre las 12.25 y las 14.00h. Por tal motivo y de acuerdo con las directrices acogidas de una banda de la organizaci\u00f3n del evento y por lo que respecta a la seguridad, las de la Agrupaci\u00f3n de Tr\u00e1nsito de la Guardia Civil, las v\u00edas adyacentes al recorrido de la carrera a su paso por nuestra ciudad quedar\u00e1n cerradas entre las 12.15 y las 14.30 h.<\/p>\n<p style=\"text-align: justify;\">Estos cortes de v\u00edas afectar\u00e1 especialmente las siguientes rotondas:<\/p>\n<p style=\"text-align: justify;\">o Del hospital (CV. 510)<\/p>\n<p style=\"text-align: justify;\">o La del Lidl (Carretera de Albalat)<\/p>\n<p style=\"text-align: justify;\">o La de Las Hojas (Carrefour)<\/p>\n<p style=\"text-align: justify;\">o La del Mercado de Abastos<\/p>\n<p style=\"text-align: justify;\">Por tal motivo el acceso a la ciudad desde los pol\u00edgonos de la carretera de Albalat y Tisneres quedar\u00e1 cortado entre las horas se\u00f1aladas.<\/p>\n<p style=\"text-align: justify;\">Con relaci\u00f3n al acceso a el hospital de la Ribera, en este horario se podr\u00e1 acceder a \u00e9l sin inconveniente, si bien la vuelta a la ciudad podr\u00e1 hacerse por el camino de la perrera a excepci\u00f3n de los veh\u00edculos de grandes dimensiones.<\/p>\n<p style=\"text-align: justify;\">Tambi\u00e9n estar\u00e1n cortados los accesos a la carretera de Corbera (CV 510) en el cruce con la CV 506 conocido como el del Horno de Carrascosa, as\u00ed como el de&nbsp;la salida&nbsp;de la Portella de Severino<\/p>\n<p style=\"text-align: justify;\">&nbsp;<\/p>\n<p>&nbsp;<\/p>\n","protected":false},"excerpt":{"rendered":"<p>Alzira, 22 de agosto de 2019.- El pr\u00f3ximo martes 27 de agosto, con motivo de la celebraci\u00f3n de la 4a etapa de la vuelta ciclista a Espa\u00f1a, est\u00e1 previsto el paso por la ciudad de Alzira entre las 12.25 y las 14.00h. Por tal motivo y de acuerdo con las directrices acogidas de una banda &hellip; <\/p>\n<p class=\"link-more\"><a href=\"https:\/\/alzira.es\/es\/vuelta-ciclista-a-espana-pasa-por-alzira-el-proximo-martes-27-de-agosto\/\" class=\"more-link\">Continuar leyendo<span class=\"screen-reader-text\"> \u00abVuelta ciclista a Espa\u00f1a pasa por Alzira el pr\u00f3ximo martes 27 de agosto\u00bb<\/span><\/a><\/p>\n","protected":false},"author":12,"featured_media":0,"comment_status":"closed","ping_status":"","sticky":false,"template":"","format":"standard","meta":{"_acf_changed":false,"footnotes":""},"categories":[4936],"tags":[],"class_list":["post-43036","post","type-post","status-publish","format-standard","hentry","category-hemeroteca-es"],"acf":[],"_links":{"self":[{"href":"https:\/\/alzira.es\/es\/wp-json\/wp\/v2\/posts\/43036","targetHints":{"allow":["GET"]}}],"collection":[{"href":"https:\/\/alzira.es\/es\/wp-json\/wp\/v2\/posts"}],"about":[{"href":"https:\/\/alzira.es\/es\/wp-json\/wp\/v2\/types\/post"}],"author":[{"embeddable":true,"href":"https:\/\/alzira.es\/es\/wp-json\/wp\/v2\/users\/12"}],"replies":[{"embeddable":true,"href":"https:\/\/alzira.es\/es\/wp-json\/wp\/v2\/comments?post=43036"}],"version-history":[{"count":0,"href":"https:\/\/alzira.es\/es\/wp-json\/wp\/v2\/posts\/43036\/revisions"}],"wp:attachment":[{"href":"https:\/\/alzira.es\/es\/wp-json\/wp\/v2\/media?parent=43036"}],"wp:term":[{"taxonomy":"category","embeddable":true,"href":"https:\/\/alzira.es\/es\/wp-json\/wp\/v2\/categories?post=43036"},{"taxonomy":"post_tag","embeddable":true,"href":"https:\/\/alzira.es\/es\/wp-json\/wp\/v2\/tags?post=43036"}],"curies":[{"name":"wp","href":"https:\/\/api.w.org\/{rel}","templated":true}]}}