{"id":43029,"date":"2019-08-16T10:44:42","date_gmt":"2019-08-16T08:44:42","guid":{"rendered":"https:\/\/alzira.es\/el-ayuntamiento-condena-un-acto-vandalico-al-puerto-de-las-piraguas\/"},"modified":"2021-04-19T16:34:29","modified_gmt":"2021-04-19T14:34:29","slug":"el-ayuntamiento-condena-un-acto-vandalico-al-puerto-de-las-piraguas","status":"publish","type":"post","link":"https:\/\/alzira.es\/es\/el-ayuntamiento-condena-un-acto-vandalico-al-puerto-de-las-piraguas\/","title":{"rendered":"El ayuntamiento condena un acto vand\u00e1lico al Puerto de las Piraguas"},"content":{"rendered":"<p style=\"text-align: justify;\">Alzira, 14 de agosto de 2019.- El Puerto de las Piraguas ha sufrido un acto vand\u00e1lico, donde se ha roto la barandilla de madera que baja al Bote de las Piraguas y la barandilla que comunica en la plataforma flotante, la cual facilita lla llegada de estas embarcaciones al r\u00edo.<\/p>\n<p style=\"text-align: justify;\">El ayuntamiento de Alzira denuncia estos actas vand\u00e1licos, ya que nos cuestan dinero a todas y todos los alzire\u00f1os. Laconcejal\u00eda de Medio Ambiente, Agricultura y Transici\u00f3n ecol\u00f3gica reparar\u00e1 los da\u00f1os lo m\u00e1s pronto posible.<\/p>\n<p style=\"text-align: justify;\"><img fetchpriority=\"high\" decoding=\"async\" src=\"contenidos\/vandalismo.png\" alt=\"vandalismo\" width=\"400\" height=\"283\" \/><img decoding=\"async\" style=\"--smush-placeholder-width: 400px; --smush-placeholder-aspect-ratio: 400\/263;width: 474px; height: 283px;\" data-src=\"contenidos\/vandalismo2.png\" alt=\"vandalismo2\" width=\"400\" height=\"263\" src=\"data:image\/svg+xml;base64,PHN2ZyB3aWR0aD0iMSIgaGVpZ2h0PSIxIiB4bWxucz0iaHR0cDovL3d3dy53My5vcmcvMjAwMC9zdmciPjwvc3ZnPg==\" class=\"lazyload\" \/><\/p>\n","protected":false},"excerpt":{"rendered":"<p>Alzira, 14 de agosto de 2019.- El Puerto de las Piraguas ha sufrido un acto vand\u00e1lico, donde se ha roto la barandilla de madera que baja al Bote de las Piraguas y la barandilla que comunica en la plataforma flotante, la cual facilita lla llegada de estas embarcaciones al r\u00edo. El ayuntamiento de Alzira denuncia &hellip; <\/p>\n<p class=\"link-more\"><a href=\"https:\/\/alzira.es\/es\/el-ayuntamiento-condena-un-acto-vandalico-al-puerto-de-las-piraguas\/\" class=\"more-link\">Continuar leyendo<span class=\"screen-reader-text\"> \u00abEl ayuntamiento condena un acto vand\u00e1lico al Puerto de las Piraguas\u00bb<\/span><\/a><\/p>\n","protected":false},"author":12,"featured_media":0,"comment_status":"closed","ping_status":"","sticky":false,"template":"","format":"standard","meta":{"_acf_changed":false,"footnotes":""},"categories":[4936],"tags":[],"class_list":["post-43029","post","type-post","status-publish","format-standard","hentry","category-hemeroteca-es"],"acf":[],"_links":{"self":[{"href":"https:\/\/alzira.es\/es\/wp-json\/wp\/v2\/posts\/43029","targetHints":{"allow":["GET"]}}],"collection":[{"href":"https:\/\/alzira.es\/es\/wp-json\/wp\/v2\/posts"}],"about":[{"href":"https:\/\/alzira.es\/es\/wp-json\/wp\/v2\/types\/post"}],"author":[{"embeddable":true,"href":"https:\/\/alzira.es\/es\/wp-json\/wp\/v2\/users\/12"}],"replies":[{"embeddable":true,"href":"https:\/\/alzira.es\/es\/wp-json\/wp\/v2\/comments?post=43029"}],"version-history":[{"count":0,"href":"https:\/\/alzira.es\/es\/wp-json\/wp\/v2\/posts\/43029\/revisions"}],"wp:attachment":[{"href":"https:\/\/alzira.es\/es\/wp-json\/wp\/v2\/media?parent=43029"}],"wp:term":[{"taxonomy":"category","embeddable":true,"href":"https:\/\/alzira.es\/es\/wp-json\/wp\/v2\/categories?post=43029"},{"taxonomy":"post_tag","embeddable":true,"href":"https:\/\/alzira.es\/es\/wp-json\/wp\/v2\/tags?post=43029"}],"curies":[{"name":"wp","href":"https:\/\/api.w.org\/{rel}","templated":true}]}}