{"id":43022,"date":"2019-08-09T10:05:43","date_gmt":"2019-08-09T08:05:43","guid":{"rendered":"https:\/\/alzira.es\/alzira-en-riesgo-extremo-por-altas-temperaturas\/"},"modified":"2021-04-19T16:34:33","modified_gmt":"2021-04-19T14:34:33","slug":"alzira-en-riesgo-extremo-por-altas-temperaturas","status":"publish","type":"post","link":"https:\/\/alzira.es\/es\/alzira-en-riesgo-extremo-por-altas-temperaturas\/","title":{"rendered":"Alzira en riesgo extremo por altas temperaturas"},"content":{"rendered":"<p style=\"text-align: justify;\">Alzira, 8 de agosto de 2019.- Alzira est\u00e1 en situaci\u00f3n de riesgo extremo por altas temperaturas. Ma\u00f1ana se podr\u00e1n superar los 42\u00baC en puntos de la comarca de la Ribera Alta y tambi\u00e9n de nuestra ciudad. La situaci\u00f3n de calor intenso se mantendr\u00e1 a lo largo de todo el d\u00eda de ma\u00f1ana. Una sensaci\u00f3n que ir\u00e1 remitiendo de cara al cabo de semana. Desde la Regidor\u00eda de Sanidad, y atendiendo las recomendaciones de la Generalidad Valenciana, los recordamos que delante una ola de calor&nbsp;tiene que:<\/p>\n<p style=\"text-align: justify;\">&#8211; Beber mucha agua, a\u00fan sin sed, por lo menos dos litros al d\u00eda; evitar el alcohol y la cafe\u00edna.<\/p>\n<p style=\"text-align: justify;\">&#8211; Ducharse o tomar un ba\u00f1o, con agua templada, en los momentos de calor m\u00e1s intenso.<\/p>\n<p style=\"text-align: justify;\">&#8211; Evitar l&#8217;exc\u00e9so de sol, sobretodo entre las 12 y las 16 horas.<\/p>\n<p style=\"text-align: justify;\">&#8211; Comer fruta y verdura. Evitar las comidas abundantes.<\/p>\n<p style=\"text-align: justify;\">&#8211; En casa, situarse en las zonas m\u00e1s frescas, a ventilar.<\/p>\n<p style=\"text-align: justify;\">&#8211; Ayudar a las personas m\u00e1s fr\u00e1giles: personas mayores, enfermas, dependientes y a la infancia.<\/p>\n<p style=\"text-align: justify;\">&#8211; Las personas mayores, con medicaci\u00f3n o con una enfermedad cr\u00f3nica, deben acudir al Centro de Salud y consultar las medidas complementarias que se han de adoptar.<\/p>\n<p style=\"text-align: justify;\">&#8211; Utilizar ropa ligera y ancha, preferentemente de algod\u00f3n y de colores claros.<\/p>\n<p style=\"text-align: justify;\">&#8211; Para salir a la calle, se han de tomar medidas de protecci\u00f3n: sombrero, gafas de solo y protector solar. Buscar la sombra.<\/p>\n<p style=\"text-align: justify;\">&#8211; No dejar nunca a &nbsp;nadie en un veh\u00edculo encerrado o estacionado, tampoco a&nbsp;las mascotas.<\/p>\n<p style=\"text-align: justify;\">&#8211; Si se practica deporte, evitar las horas centrales del d\u00eda.<\/p>\n<p><img fetchpriority=\"high\" decoding=\"async\" style=\"margin-right: auto; margin-left: auto; display: block;\" src=\"contenidos\/oladecalor.png\" alt=\"oladecalor\" width=\"600\" height=\"414\" \/><\/p>\n<p><span style=\"color: #990033; font-weight: bold;\">.<\/span><\/p>\n","protected":false},"excerpt":{"rendered":"<p>Alzira, 8 de agosto de 2019.- Alzira est\u00e1 en situaci\u00f3n de riesgo extremo por altas temperaturas. Ma\u00f1ana se podr\u00e1n superar los 42\u00baC en puntos de la comarca de la Ribera Alta y tambi\u00e9n de nuestra ciudad. La situaci\u00f3n de calor intenso se mantendr\u00e1 a lo largo de todo el d\u00eda de ma\u00f1ana. Una sensaci\u00f3n que &hellip; <\/p>\n<p class=\"link-more\"><a href=\"https:\/\/alzira.es\/es\/alzira-en-riesgo-extremo-por-altas-temperaturas\/\" class=\"more-link\">Continuar leyendo<span class=\"screen-reader-text\"> \u00abAlzira en riesgo extremo por altas temperaturas\u00bb<\/span><\/a><\/p>\n","protected":false},"author":12,"featured_media":0,"comment_status":"closed","ping_status":"","sticky":false,"template":"","format":"standard","meta":{"_acf_changed":false,"footnotes":""},"categories":[4936],"tags":[],"class_list":["post-43022","post","type-post","status-publish","format-standard","hentry","category-hemeroteca-es"],"acf":[],"_links":{"self":[{"href":"https:\/\/alzira.es\/es\/wp-json\/wp\/v2\/posts\/43022","targetHints":{"allow":["GET"]}}],"collection":[{"href":"https:\/\/alzira.es\/es\/wp-json\/wp\/v2\/posts"}],"about":[{"href":"https:\/\/alzira.es\/es\/wp-json\/wp\/v2\/types\/post"}],"author":[{"embeddable":true,"href":"https:\/\/alzira.es\/es\/wp-json\/wp\/v2\/users\/12"}],"replies":[{"embeddable":true,"href":"https:\/\/alzira.es\/es\/wp-json\/wp\/v2\/comments?post=43022"}],"version-history":[{"count":0,"href":"https:\/\/alzira.es\/es\/wp-json\/wp\/v2\/posts\/43022\/revisions"}],"wp:attachment":[{"href":"https:\/\/alzira.es\/es\/wp-json\/wp\/v2\/media?parent=43022"}],"wp:term":[{"taxonomy":"category","embeddable":true,"href":"https:\/\/alzira.es\/es\/wp-json\/wp\/v2\/categories?post=43022"},{"taxonomy":"post_tag","embeddable":true,"href":"https:\/\/alzira.es\/es\/wp-json\/wp\/v2\/tags?post=43022"}],"curies":[{"name":"wp","href":"https:\/\/api.w.org\/{rel}","templated":true}]}}