{"id":43020,"date":"2019-08-08T10:12:35","date_gmt":"2019-08-08T08:12:35","guid":{"rendered":"https:\/\/alzira.es\/alzira-recibira-603-337-euros-de-ayuda-de-labora-para-la-contratacion-de-los-jovenes-sin-empleo\/"},"modified":"2021-04-19T16:34:34","modified_gmt":"2021-04-19T14:34:34","slug":"alzira-recibira-603-337-euros-de-ayuda-de-labora-para-la-contratacion-de-los-jovenes-sin-empleo","status":"publish","type":"post","link":"https:\/\/alzira.es\/es\/alzira-recibira-603-337-euros-de-ayuda-de-labora-para-la-contratacion-de-los-jovenes-sin-empleo\/","title":{"rendered":"Alzira recibir\u00e1 603.337 euros de ayuda de Labora para la contrataci\u00f3n de los j\u00f3venes sin empleo"},"content":{"rendered":"<p style=\"text-align: justify;\">Alzira, 7 de agosto de 2019.- El ayuntamiento de Alzira recibir\u00e1 de la Generalidad Valenciana, a trav\u00e9s de Labora, una subvenci\u00f3n de 603.337 euros para la contrataci\u00f3n de 36 personas j\u00f3venes sin empleo.<\/p>\n<p style=\"text-align: justify;\">El Plan Avalamos J\u00f3venes Plus, est\u00e1 formado por dos programas de incentivos (Empuju y Emcuju) , dirigidos a entidades locales, diputaciones, mancomunidades y organismos aut\u00f3nomos para la contrataci\u00f3n de personas j\u00f3venes que est\u00e9n en el fichero del Sistema Nacional de Garant\u00eda Juvenil el \u00e1mbito de la Comunidad.<\/p>\n<p style=\"text-align: justify;\">En la Ribera Alta destacan las ayudas en municipios como Alzira, el cual recibir\u00e1 un total de 603.337. En la Ribera Baja, los ayuntamientos con mayor cantidad concedida es Cullera, con un total de 277.908 euros, para la contrataci\u00f3n de 15 personas, y Sueca, que recibir\u00e1 296.093 euros destinados a contratar a 15 personas j\u00f3venes.<\/p>\n<p style=\"text-align: justify;\">Entre las entidades beneficiarias del Plan Avalamos J\u00f3venes Plus a la Ribera se encuentra la Mancomunidad Intermunicipal de C\u00e0rcer, Alc\u00e0ntara de J\u00facar, Cotes y Sellernt (19.625 euros para contractora a 1 persona) , la Mancomunidad de Municipios de l&amp;#39;\u00c8nova, Manuel (54.564 euros para la contrataci\u00f3n de 3 personas) , la Mancomunidad de la Ribera Alta (169.483 euros para la contrataci\u00f3n de 9 personas) , la Mancomunidad de la Ribera Baja (53.504 euros para tres personas) , y la Mancomunidad el Marquesado (32.414 euros destinados a dos personas).<\/p>\n<p style=\"text-align: justify;\">Estas ayudas del Plan Avalamos J\u00f3venes Plus forman parte del Plan Integral de Formaci\u00f3n y Ocupaci\u00f3n para J\u00f3venes 2016-2020 que dise\u00f1\u00f3 y poner en marcha la Consejer\u00eda de Economia Sostenible a trav\u00e9s de Labora en la anterior legislatura.<\/p>\n<p style=\"text-align: justify;\">Por lo tanto, estas subvenciones est\u00e1n cofinanciadas con los fondo de la Iniciativa de Ocupaci\u00f3n Juvenil de la Uni\u00f3n Europea, a trav\u00e9s del Programa Operativo de Ocupaci\u00f3n Juvenil para el per\u00edodo 2014-2020 del Ministerio de Trabajo, Migraciones y Seguridad Social.<\/p>\n","protected":false},"excerpt":{"rendered":"<p>Alzira, 7 de agosto de 2019.- El ayuntamiento de Alzira recibir\u00e1 de la Generalidad Valenciana, a trav\u00e9s de Labora, una subvenci\u00f3n de 603.337 euros para la contrataci\u00f3n de 36 personas j\u00f3venes sin empleo. El Plan Avalamos J\u00f3venes Plus, est\u00e1 formado por dos programas de incentivos (Empuju y Emcuju) , dirigidos a entidades locales, diputaciones, mancomunidades &hellip; <\/p>\n<p class=\"link-more\"><a href=\"https:\/\/alzira.es\/es\/alzira-recibira-603-337-euros-de-ayuda-de-labora-para-la-contratacion-de-los-jovenes-sin-empleo\/\" class=\"more-link\">Continuar leyendo<span class=\"screen-reader-text\"> \u00abAlzira recibir\u00e1 603.337 euros de ayuda de Labora para la contrataci\u00f3n de los j\u00f3venes sin empleo\u00bb<\/span><\/a><\/p>\n","protected":false},"author":12,"featured_media":0,"comment_status":"closed","ping_status":"","sticky":false,"template":"","format":"standard","meta":{"_acf_changed":false,"footnotes":""},"categories":[4936],"tags":[],"class_list":["post-43020","post","type-post","status-publish","format-standard","hentry","category-hemeroteca-es"],"acf":[],"_links":{"self":[{"href":"https:\/\/alzira.es\/es\/wp-json\/wp\/v2\/posts\/43020","targetHints":{"allow":["GET"]}}],"collection":[{"href":"https:\/\/alzira.es\/es\/wp-json\/wp\/v2\/posts"}],"about":[{"href":"https:\/\/alzira.es\/es\/wp-json\/wp\/v2\/types\/post"}],"author":[{"embeddable":true,"href":"https:\/\/alzira.es\/es\/wp-json\/wp\/v2\/users\/12"}],"replies":[{"embeddable":true,"href":"https:\/\/alzira.es\/es\/wp-json\/wp\/v2\/comments?post=43020"}],"version-history":[{"count":0,"href":"https:\/\/alzira.es\/es\/wp-json\/wp\/v2\/posts\/43020\/revisions"}],"wp:attachment":[{"href":"https:\/\/alzira.es\/es\/wp-json\/wp\/v2\/media?parent=43020"}],"wp:term":[{"taxonomy":"category","embeddable":true,"href":"https:\/\/alzira.es\/es\/wp-json\/wp\/v2\/categories?post=43020"},{"taxonomy":"post_tag","embeddable":true,"href":"https:\/\/alzira.es\/es\/wp-json\/wp\/v2\/tags?post=43020"}],"curies":[{"name":"wp","href":"https:\/\/api.w.org\/{rel}","templated":true}]}}