{"id":43017,"date":"2019-08-06T09:42:30","date_gmt":"2019-08-06T07:42:30","guid":{"rendered":"https:\/\/alzira.es\/el-paraje-natural-municipal-la-murta-y-la-casella-permanecera-cerrado-hoy-y-manana\/"},"modified":"2021-04-19T16:34:34","modified_gmt":"2021-04-19T14:34:34","slug":"el-paraje-natural-municipal-la-murta-y-la-casella-permanecera-cerrado-hoy-y-manana","status":"publish","type":"post","link":"https:\/\/alzira.es\/es\/el-paraje-natural-municipal-la-murta-y-la-casella-permanecera-cerrado-hoy-y-manana\/","title":{"rendered":"El Paraje Natural Municipal La Murta y la Casella permanecer\u00e1 cerrado hoy y ma\u00f1ana"},"content":{"rendered":"<p>El Paraje Natural Municipal La Murta y la Casella permanecer\u00e1 cerrado hoy y ma\u00f1ana (6 y 7 de agosto)por Alerta 3.<\/p>\n<p>&nbsp;<\/p>\n","protected":false},"excerpt":{"rendered":"<p>El Paraje Natural Municipal La Murta y la Casella permanecer\u00e1 cerrado hoy y ma\u00f1ana (6 y 7 de agosto)por Alerta 3. &nbsp;<\/p>\n","protected":false},"author":12,"featured_media":0,"comment_status":"closed","ping_status":"","sticky":false,"template":"","format":"standard","meta":{"_acf_changed":false,"footnotes":""},"categories":[4936],"tags":[],"class_list":["post-43017","post","type-post","status-publish","format-standard","hentry","category-hemeroteca-es"],"acf":[],"_links":{"self":[{"href":"https:\/\/alzira.es\/es\/wp-json\/wp\/v2\/posts\/43017","targetHints":{"allow":["GET"]}}],"collection":[{"href":"https:\/\/alzira.es\/es\/wp-json\/wp\/v2\/posts"}],"about":[{"href":"https:\/\/alzira.es\/es\/wp-json\/wp\/v2\/types\/post"}],"author":[{"embeddable":true,"href":"https:\/\/alzira.es\/es\/wp-json\/wp\/v2\/users\/12"}],"replies":[{"embeddable":true,"href":"https:\/\/alzira.es\/es\/wp-json\/wp\/v2\/comments?post=43017"}],"version-history":[{"count":0,"href":"https:\/\/alzira.es\/es\/wp-json\/wp\/v2\/posts\/43017\/revisions"}],"wp:attachment":[{"href":"https:\/\/alzira.es\/es\/wp-json\/wp\/v2\/media?parent=43017"}],"wp:term":[{"taxonomy":"category","embeddable":true,"href":"https:\/\/alzira.es\/es\/wp-json\/wp\/v2\/categories?post=43017"},{"taxonomy":"post_tag","embeddable":true,"href":"https:\/\/alzira.es\/es\/wp-json\/wp\/v2\/tags?post=43017"}],"curies":[{"name":"wp","href":"https:\/\/api.w.org\/{rel}","templated":true}]}}