{"id":43013,"date":"2019-08-05T12:59:44","date_gmt":"2019-08-05T10:59:44","guid":{"rendered":"https:\/\/alzira.es\/l-anell-verd-toma-forma-en-el-paraje-de-la-garrofera\/"},"modified":"2021-04-19T16:34:35","modified_gmt":"2021-04-19T14:34:35","slug":"l-anell-verd-toma-forma-en-el-paraje-de-la-garrofera","status":"publish","type":"post","link":"https:\/\/alzira.es\/es\/l-anell-verd-toma-forma-en-el-paraje-de-la-garrofera\/","title":{"rendered":"El anillo Verde toma forma en el paraje de la Garrofera"},"content":{"rendered":"<p style=\"text-align: justify;\">El ayuntamiento pide una subvenci\u00f3n para rehabilitar las Caballerizas de la vieta Carcaixent-D\u00e9nia.<\/p>\n<p style=\"text-align: justify;\">Alzira, 5 de agosto de 2019.- El concejal de Medio Ambiente, Agricultura y Transici\u00f3n Ecol\u00f3gica, Pep Carreres, ha visitado las obras de El Anillo Verde&nbsp; al paraje de la&nbsp;Garrofera que une Alzira con la costa de la Safor y que se podr\u00e1 recurrir en pie o en bicicleta, donde se podr\u00e1 pasar por la zona de la Trinchera del trenet. Tambi\u00e9n, ha visitado las obras del Puerto de Tous que forman parte de El Anillo Verde.<\/p>\n<p style=\"text-align: justify;\">En esta parte de El anillo Verde se est\u00e1 haciendo obras de pavimentaci\u00f3n del camino y reforestando el conjunto de esta infraestructura.<\/p>\n<p style=\"text-align: justify;\">El concejal de Medio Ambiente y Transici\u00f3n Ecol\u00f3gica, Pep Carreres, ha manifestado que el gobierno municipal continua apostando por infraestructuras sostenibles para que los ciudadanos gocen de forma saludable del t\u00e9rmino municipal de Alzira.<\/p>\n<p style=\"text-align: justify;\">Adem\u00e1s, se ha pedido una subvenci\u00f3n por parte de la Mancomunidad de la Ribera Alta a la Uni\u00f3n Europea para poder adquirir las antiguas caballerizas del ferrocarril en la la parte alta del Portitxol, donde finaliza el tramo de esta v\u00eda verde a la zona de La Barraca de Aguas Vivas.<\/p>\n<p style=\"text-align: justify;\">El anillo Verde&nbsp;es una infraestructura sostenible que rodea el municipio de Alzira y que supone un cambio del modelo urbano de la ciudad, ya que constituye un nuevo paradigma de movilidad m\u00e1s respetuoso con el medio ambiente y ofrece todo un seguido de espacio de interacci\u00f3n social. Impulsado por el Ayuntamiento de la localidad y apoyado por la Diputaci\u00f3n, esta infraestructura sostenible ya cuenta con cerca del 50% de su itinerario disponible para las vecinas y vecinos, y est\u00e1 formado tanto por paisajes de ciudad como de monta\u00f1a, huerta y r\u00edo. Este anillo es un proyecto con que se define un itinerario para viandante y ciclistas y que tiene el objetivo de &#8216;Un paisaje de paisajes&#8217;.<\/p>\n<p style=\"text-align: justify;\"><img fetchpriority=\"high\" decoding=\"async\" src=\"contenidos\/anellverd.png\" alt=\"anellverd\" width=\"400\" height=\"277\" \/><img decoding=\"async\" style=\"--smush-placeholder-width: 400px; --smush-placeholder-aspect-ratio: 400\/294;width: 386px; height: 277px;\" data-src=\"contenidos\/anellverd2.png\" alt=\"anellverd2\" width=\"400\" height=\"294\" src=\"data:image\/svg+xml;base64,PHN2ZyB3aWR0aD0iMSIgaGVpZ2h0PSIxIiB4bWxucz0iaHR0cDovL3d3dy53My5vcmcvMjAwMC9zdmciPjwvc3ZnPg==\" class=\"lazyload\" \/><img decoding=\"async\" style=\"--smush-placeholder-width: 374px; --smush-placeholder-aspect-ratio: 374\/278;width: 374px; height: 277px;\" data-src=\"contenidos\/anellverd3.png\" alt=\"anellverd3\" width=\"374\" height=\"278\" src=\"data:image\/svg+xml;base64,PHN2ZyB3aWR0aD0iMSIgaGVpZ2h0PSIxIiB4bWxucz0iaHR0cDovL3d3dy53My5vcmcvMjAwMC9zdmciPjwvc3ZnPg==\" class=\"lazyload\" \/><\/p>\n<p style=\"text-align: justify;\">&nbsp;<\/p>\n","protected":false},"excerpt":{"rendered":"<p>El ayuntamiento pide una subvenci\u00f3n para rehabilitar las Caballerizas de la vieta Carcaixent-D\u00e9nia. Alzira, 5 de agosto de 2019.- El concejal de Medio Ambiente, Agricultura y Transici\u00f3n Ecol\u00f3gica, Pep Carreres, ha visitado las obras de El Anillo Verde&nbsp; al paraje de la&nbsp;Garrofera que une Alzira con la costa de la Safor y que se podr\u00e1 &hellip; <\/p>\n<p class=\"link-more\"><a href=\"https:\/\/alzira.es\/es\/l-anell-verd-toma-forma-en-el-paraje-de-la-garrofera\/\" class=\"more-link\">Continuar leyendo<span class=\"screen-reader-text\"> \u00abEl anillo Verde toma forma en el paraje de la Garrofera\u00bb<\/span><\/a><\/p>\n","protected":false},"author":12,"featured_media":0,"comment_status":"closed","ping_status":"","sticky":false,"template":"","format":"standard","meta":{"_acf_changed":false,"footnotes":""},"categories":[4936],"tags":[],"class_list":["post-43013","post","type-post","status-publish","format-standard","hentry","category-hemeroteca-es"],"acf":[],"_links":{"self":[{"href":"https:\/\/alzira.es\/es\/wp-json\/wp\/v2\/posts\/43013","targetHints":{"allow":["GET"]}}],"collection":[{"href":"https:\/\/alzira.es\/es\/wp-json\/wp\/v2\/posts"}],"about":[{"href":"https:\/\/alzira.es\/es\/wp-json\/wp\/v2\/types\/post"}],"author":[{"embeddable":true,"href":"https:\/\/alzira.es\/es\/wp-json\/wp\/v2\/users\/12"}],"replies":[{"embeddable":true,"href":"https:\/\/alzira.es\/es\/wp-json\/wp\/v2\/comments?post=43013"}],"version-history":[{"count":0,"href":"https:\/\/alzira.es\/es\/wp-json\/wp\/v2\/posts\/43013\/revisions"}],"wp:attachment":[{"href":"https:\/\/alzira.es\/es\/wp-json\/wp\/v2\/media?parent=43013"}],"wp:term":[{"taxonomy":"category","embeddable":true,"href":"https:\/\/alzira.es\/es\/wp-json\/wp\/v2\/categories?post=43013"},{"taxonomy":"post_tag","embeddable":true,"href":"https:\/\/alzira.es\/es\/wp-json\/wp\/v2\/tags?post=43013"}],"curies":[{"name":"wp","href":"https:\/\/api.w.org\/{rel}","templated":true}]}}